{"id":17800,"date":"2024-05-30T17:00:30","date_gmt":"2024-05-30T15:00:30","guid":{"rendered":"https:\/\/agpograf.com\/?p=17800"},"modified":"2024-05-30T17:22:58","modified_gmt":"2024-05-30T15:22:58","slug":"lecoedicio-cap-a-una-industria-editorial-mes-sostenible","status":"publish","type":"post","link":"https:\/\/agpograf.com\/fr\/lecoedicio-cap-a-una-industria-editorial-mes-sostenible\/","title":{"rendered":"L&rsquo;\u00e9co-\u00e9dition : Vers une industrie \u00e9ditoriale plus durable"},"content":{"rendered":"<div class=\"wpb-content-wrapper\"><p>[vc_row css_animation=\u00a0\u00bb\u00a0\u00bb row_type=\u00a0\u00bbrow\u00a0\u00bb use_row_as_full_screen_section=\u00a0\u00bbno\u00a0\u00bb type=\u00a0\u00bbfull_width\u00a0\u00bb angled_section=\u00a0\u00bbno\u00a0\u00bb text_align=\u00a0\u00bbleft\u00a0\u00bb background_image_as_pattern=\u00a0\u00bbwithout_pattern\u00a0\u00bb][vc_column][vc_empty_space][vc_gallery interval=\u00a0\u00bb3&Prime; images=\u00a0\u00bb17779&Prime; img_size=\u00a0\u00bblarge\u00a0\u00bb onclick=\u00a0\u00bb\u00a0\u00bb][vc_empty_space height=\u00a0\u00bb40px\u00a0\u00bb][\/vc_column][\/vc_row][vc_row css_animation=\u00a0\u00bb\u00a0\u00bb row_type=\u00a0\u00bbrow\u00a0\u00bb use_row_as_full_screen_section=\u00a0\u00bbno\u00a0\u00bb type=\u00a0\u00bbfull_width\u00a0\u00bb angled_section=\u00a0\u00bbno\u00a0\u00bb text_align=\u00a0\u00bbleft\u00a0\u00bb background_image_as_pattern=\u00a0\u00bbwithout_pattern\u00a0\u00bb z_index=\u00a0\u00bb\u00a0\u00bb][vc_column][vc_column_text]Dans un monde de plus en plus sensible \u00e0 la durabilit\u00e9, l&rsquo;\u00e9co-\u00e9dition se pr\u00e9sente comme une solution innovante pour r\u00e9duire l&rsquo;impact environnemental du secteur \u00e9ditorial de Catalogne. Chez <strong>Agpograf<\/strong>, nous collaborons avec l&rsquo;<strong>Institut de l&rsquo;\u00c9co-\u00e9dition<\/strong> et nous nous engageons dans cette tendance, travaillant pour minimiser notre empreinte \u00e9cologique et promouvoir des pratiques durables. Mais qu&rsquo;est-ce que l&rsquo;\u00e9co-\u00e9dition exactement et comment change-t-elle la mani\u00e8re dont les livres sont produits ?<\/p>\n<p>Selon le r\u00e9cent reportage de <strong>Valor Afegit (TV3)<\/strong>, <em>\u00ab\u00a0L&#8217;empreinte \u00e9cologique d&rsquo;un livre : l&rsquo;industrie \u00e9ditoriale progresse vers la durabilit\u00e9\u00a0\u00bb<\/em>, la production de livres a un impact significatif sur l&rsquo;environnement. De l&rsquo;abattage des arbres au processus d&rsquo;impression et de distribution, chaque \u00e9tape du cycle de vie d&rsquo;un livre consomme des ressources et g\u00e9n\u00e8re des \u00e9missions, soit un total de <strong>476 grammes de CO\u2082 par livre<\/strong> en moyenne. [\/vc_column_text][vc_empty_space height=\u00a0\u00bb30px\u00a0\u00bb]<div class=\"qode_video_box\">\n\t<a itemprop=\"image\" class=\"qode_video_image\" href=\"https:\/\/www.ccma.cat\/3cat\/la-industria-editorial-fa-passes-cap-a-la-sostenibilitat\/video\/6278986\/\" data-rel=\"prettyPhoto\">\n\t\t\t\t\t<img decoding=\"async\" width=\"1338\" height=\"752\" data-src=\"https:\/\/agpograf.com\/wp-content\/uploads\/2024\/05\/Captura-de-pantalla-2024-05-21-a-les-13.50.03.png\" class=\"attachment-full size-full lazyload\" alt=\"\" data-srcset=\"https:\/\/agpograf.com\/wp-content\/uploads\/2024\/05\/Captura-de-pantalla-2024-05-21-a-les-13.50.03.png 1338w, https:\/\/agpograf.com\/wp-content\/uploads\/2024\/05\/Captura-de-pantalla-2024-05-21-a-les-13.50.03-300x169.png 300w, https:\/\/agpograf.com\/wp-content\/uploads\/2024\/05\/Captura-de-pantalla-2024-05-21-a-les-13.50.03-1024x576.png 1024w, https:\/\/agpograf.com\/wp-content\/uploads\/2024\/05\/Captura-de-pantalla-2024-05-21-a-les-13.50.03-768x432.png 768w, https:\/\/agpograf.com\/wp-content\/uploads\/2024\/05\/Captura-de-pantalla-2024-05-21-a-les-13.50.03-700x393.png 700w, https:\/\/agpograf.com\/wp-content\/uploads\/2024\/05\/Captura-de-pantalla-2024-05-21-a-les-13.50.03-539x303.png 539w\" data-sizes=\"(max-width: 1338px) 100vw, 1338px\" src=\"data:image\/svg+xml;base64,PHN2ZyB3aWR0aD0iMSIgaGVpZ2h0PSIxIiB4bWxucz0iaHR0cDovL3d3dy53My5vcmcvMjAwMC9zdmciPjwvc3ZnPg==\" style=\"--smush-placeholder-width: 1338px; --smush-placeholder-aspect-ratio: 1338\/752;\" \/>\t\t\t<span class=\"qode_video_box_button_holder\">\n\t\t\t\t<span class=\"qode_video_box_button\">\n\t\t\t\t\t<span class=\"qode_video_box_button_arrow\">\n\t\t\t\t\t<\/span>\n\t\t\t\t<\/span>\n\t\t\t<\/span>\n\t\t\t<\/a>\n<\/div>[vc_empty_space height=\u00a0\u00bb40px\u00a0\u00bb][vc_column_text]<\/p>\n<p>C&rsquo;est pourquoi l&rsquo;industrie \u00e9ditoriale adopte des mesures pour r\u00e9duire cet impact, telles que l&rsquo;utilisation de papier recycl\u00e9, d&rsquo;encres \u00e9cologiques et de processus d&rsquo;impression plus efficaces \u00e9nerg\u00e9tiquement. En m\u00eame temps, la production durable implique \u00e9galement de travailler avec des <strong>imprimeries locales<\/strong>, car la proximit\u00e9 est cl\u00e9 dans la r\u00e9duction des \u00e9missions : 16 % de l&rsquo;impact environnemental de la production d&rsquo;un livre est d\u00fb au transport.<\/p>\n<p>Dans le m\u00eame sens, <strong>Betev\u00e9<\/strong> a mis en avant dans l&rsquo;\u00e9mission <strong>Pla\u00e7a T\u00edsner<\/strong> l&rsquo;initiative de l&rsquo;\u00e9co-\u00e9dition, expliquant comment certaines maisons d&rsquo;\u00e9dition et imprimeries mettent en \u0153uvre des pratiques durables pour r\u00e9duire leur empreinte \u00e9cologique. Un bon exemple en est l&rsquo;<strong>\u00e9diteur Akiara Books<\/strong>, avec qui Agpograf partage de nombreuses collaborations. Akiara Books produit de mani\u00e8re \u00e9cologique et 100 % locale, d\u00e9montrant qu&rsquo;il est possible de publier des livres de grande qualit\u00e9 avec un impact environnemental minimal.[\/vc_column_text][vc_empty_space height=\u00a0\u00bb30px\u00a0\u00bb]<div class=\"qode_video_box\">\n\t<a itemprop=\"image\" class=\"qode_video_image\" href=\"https:\/\/beteve.cat\/placa-tisner\/ecoedicio-llibres-ecologia\/\" data-rel=\"prettyPhoto\">\n\t\t\t\t\t<img decoding=\"async\" width=\"1876\" height=\"1054\" data-src=\"https:\/\/agpograf.com\/wp-content\/uploads\/2024\/05\/Captura-de-pantalla-2024-05-21-a-les-13.48.56.png\" class=\"attachment-full size-full lazyload\" alt=\"\" data-srcset=\"https:\/\/agpograf.com\/wp-content\/uploads\/2024\/05\/Captura-de-pantalla-2024-05-21-a-les-13.48.56.png 1876w, https:\/\/agpograf.com\/wp-content\/uploads\/2024\/05\/Captura-de-pantalla-2024-05-21-a-les-13.48.56-300x169.png 300w, https:\/\/agpograf.com\/wp-content\/uploads\/2024\/05\/Captura-de-pantalla-2024-05-21-a-les-13.48.56-1024x575.png 1024w, https:\/\/agpograf.com\/wp-content\/uploads\/2024\/05\/Captura-de-pantalla-2024-05-21-a-les-13.48.56-768x431.png 768w, https:\/\/agpograf.com\/wp-content\/uploads\/2024\/05\/Captura-de-pantalla-2024-05-21-a-les-13.48.56-1536x863.png 1536w, https:\/\/agpograf.com\/wp-content\/uploads\/2024\/05\/Captura-de-pantalla-2024-05-21-a-les-13.48.56-700x393.png 700w, https:\/\/agpograf.com\/wp-content\/uploads\/2024\/05\/Captura-de-pantalla-2024-05-21-a-les-13.48.56-539x303.png 539w\" data-sizes=\"(max-width: 1876px) 100vw, 1876px\" src=\"data:image\/svg+xml;base64,PHN2ZyB3aWR0aD0iMSIgaGVpZ2h0PSIxIiB4bWxucz0iaHR0cDovL3d3dy53My5vcmcvMjAwMC9zdmciPjwvc3ZnPg==\" style=\"--smush-placeholder-width: 1876px; --smush-placeholder-aspect-ratio: 1876\/1054;\" \/>\t\t\t<span class=\"qode_video_box_button_holder\">\n\t\t\t\t<span class=\"qode_video_box_button\">\n\t\t\t\t\t<span class=\"qode_video_box_button_arrow\">\n\t\t\t\t\t<\/span>\n\t\t\t\t<\/span>\n\t\t\t<\/span>\n\t\t\t<\/a>\n<\/div>[vc_empty_space height=\u00a0\u00bb40px\u00a0\u00bb][vc_column_text]<\/p>\n<p>Chez Agpograf Impressors, nous croyons fermement en l&rsquo;importance d&rsquo;adopter des pratiques durables. C&rsquo;est pourquoi nous choisissons des papiers \u00e0 faible impact environnemental : <strong>papiers recycl\u00e9s<\/strong> ou <strong>certifi\u00e9s FSC ou PEFC<\/strong> ; nous utilisons des <strong>encres v\u00e9g\u00e9tales<\/strong> ou des <strong>encres Cradle to Cradle<\/strong> ; et nous optimisons nos processus pour <strong>minimiser la consommation d&rsquo;\u00e9nergie et d&rsquo;eau<\/strong>. De plus, nous nous effor\u00e7ons de travailler dans un \u00e9cosyst\u00e8me de <strong>proximit\u00e9<\/strong>, avec des collaborateurs de <strong>Km 0<\/strong> pour <strong>r\u00e9duire les \u00e9missions<\/strong> de transport et renforcer le r\u00e9seau local.<\/p>\n<p>L&rsquo;\u00e9co-\u00e9dition n&rsquo;est pas seulement une r\u00e9ponse aux demandes des clients qui privil\u00e9gient la pr\u00e9servation de l&rsquo;environnement, mais elle repr\u00e9sente \u00e9galement un engagement envers l&rsquo;avenir de notre plan\u00e8te. Gr\u00e2ce \u00e0 l&rsquo;innovation et \u00e0 la collaboration, nous pouvons faire avancer le secteur du livre vers un mod\u00e8le de production plus durable.[\/vc_column_text][vc_empty_space height=\u00a0\u00bb30px\u00a0\u00bb][vc_column_text]<\/p>\n<p><strong>R\u00e9f\u00e9rences:<\/strong><\/p>\n<ul>\n<li><em>\u00ab\u00a0L&#8217;empreinte \u00e9cologique d&rsquo;un livre : l&rsquo;industrie \u00e9ditoriale avance vers la durabilit\u00e9\u00a0\u00bb<\/em> \u2013 Valor Afegit, TV3.<\/li>\n<li><em>\u00ab\u00a0L&rsquo;\u00e9co-\u00e9dition, une tendance en hausse parmi les \u00e9diteurs catalans\u00a0\u00bb<\/em> &#8211; Pla\u00e7a T\u00edsner, Betev\u00e9.[\/vc_column_text][vc_empty_space height=\u00a0\u00bb40px\u00a0\u00bb][\/vc_column][\/vc_row][vc_row css_animation=\u00a0\u00bb\u00a0\u00bb row_type=\u00a0\u00bbrow\u00a0\u00bb use_row_as_full_screen_section=\u00a0\u00bbno\u00a0\u00bb type=\u00a0\u00bbfull_width\u00a0\u00bb angled_section=\u00a0\u00bbno\u00a0\u00bb text_align=\u00a0\u00bbleft\u00a0\u00bb background_image_as_pattern=\u00a0\u00bbwithout_pattern\u00a0\u00bb][vc_column][vc_column_text]<\/li>\n<\/ul>\n<p>[\/vc_column_text][\/vc_column][\/vc_row]<\/p>\n<\/div>","protected":false},"excerpt":{"rendered":"<p>Dans un monde de plus en plus sensible \u00e0 la durabilit\u00e9, l&rsquo;\u00e9co-\u00e9dition se pr\u00e9sente comme une solution innovante pour r\u00e9duire l&rsquo;impact environnemental du secteur \u00e9ditorial de Catalogne. Chez Agpograf, nous collaborons avec l&rsquo;Institut de l&rsquo;\u00c9co-\u00e9dition et nous nous engageons dans cette tendance, travaillant pour minimiser notre empreinte \u00e9cologique et promouvoir des pratiques durables.<\/p>\n","protected":false},"author":1,"featured_media":17779,"comment_status":"closed","ping_status":"closed","sticky":false,"template":"","format":"standard","meta":{"footnotes":""},"categories":[921],"tags":[],"class_list":["post-17800","post","type-post","status-publish","format-standard","has-post-thumbnail","hentry","category-blog-es-fr"],"yoast_head":"<!-- This site is optimized with the Yoast SEO plugin v27.4 - https:\/\/yoast.com\/product\/yoast-seo-wordpress\/ -->\n<title>L&#039;\u00e9co-\u00e9dition : Vers une industrie \u00e9ditoriale plus durable &#8211; Agpograf Impressors<\/title>\n<meta name=\"description\" content=\"Dans un monde de plus en plus sensible \u00e0 la durabilit\u00e9, l&#039;\u00e9co-\u00e9dition se pr\u00e9sente comme une solution innovante pour r\u00e9duire l&#039;impact environnemental du secteur \u00e9ditorial de Catalogne.\" \/>\n<meta name=\"robots\" content=\"index, follow, max-snippet:-1, max-image-preview:large, max-video-preview:-1\" \/>\n<link rel=\"canonical\" href=\"https:\/\/agpograf.com\/fr\/lecoedicio-cap-a-una-industria-editorial-mes-sostenible\/\" \/>\n<meta property=\"og:locale\" content=\"fr_FR\" \/>\n<meta property=\"og:type\" content=\"article\" \/>\n<meta property=\"og:title\" content=\"L&#039;\u00e9co-\u00e9dition : Vers une industrie \u00e9ditoriale plus durable &#8211; Agpograf Impressors\" \/>\n<meta property=\"og:description\" content=\"Dans un monde de plus en plus sensible \u00e0 la durabilit\u00e9, l&#039;\u00e9co-\u00e9dition se pr\u00e9sente comme une solution innovante pour r\u00e9duire l&#039;impact environnemental du secteur \u00e9ditorial de Catalogne.\" \/>\n<meta property=\"og:url\" content=\"https:\/\/agpograf.com\/fr\/lecoedicio-cap-a-una-industria-editorial-mes-sostenible\/\" \/>\n<meta property=\"og:site_name\" content=\"Agpograf Impressors\" \/>\n<meta property=\"article:publisher\" content=\"https:\/\/www.facebook.com\/Agpograf\" \/>\n<meta property=\"article:published_time\" content=\"2024-05-30T15:00:30+00:00\" \/>\n<meta property=\"article:modified_time\" content=\"2024-05-30T15:22:58+00:00\" \/>\n<meta name=\"author\" content=\"agpo2018\" \/>\n<meta name=\"twitter:card\" content=\"summary_large_image\" \/>\n<meta name=\"twitter:label1\" content=\"\u00c9crit par\" \/>\n\t<meta name=\"twitter:data1\" content=\"agpo2018\" \/>\n\t<meta name=\"twitter:label2\" content=\"Dur\u00e9e de lecture estim\u00e9e\" \/>\n\t<meta name=\"twitter:data2\" content=\"3 minutes\" \/>\n<script type=\"application\/ld+json\" class=\"yoast-schema-graph\">{\"@context\":\"https:\\\/\\\/schema.org\",\"@graph\":[{\"@type\":\"Article\",\"@id\":\"https:\\\/\\\/agpograf.com\\\/fr\\\/lecoedicio-cap-a-una-industria-editorial-mes-sostenible\\\/#article\",\"isPartOf\":{\"@id\":\"https:\\\/\\\/agpograf.com\\\/fr\\\/lecoedicio-cap-a-una-industria-editorial-mes-sostenible\\\/\"},\"author\":{\"name\":\"agpo2018\",\"@id\":\"https:\\\/\\\/agpograf.com\\\/fr\\\/#\\\/schema\\\/person\\\/f970b231fa1e3883a254658ce2789d6a\"},\"headline\":\"L&rsquo;\u00e9co-\u00e9dition : Vers une industrie \u00e9ditoriale plus durable\",\"datePublished\":\"2024-05-30T15:00:30+00:00\",\"dateModified\":\"2024-05-30T15:22:58+00:00\",\"mainEntityOfPage\":{\"@id\":\"https:\\\/\\\/agpograf.com\\\/fr\\\/lecoedicio-cap-a-una-industria-editorial-mes-sostenible\\\/\"},\"wordCount\":688,\"publisher\":{\"@id\":\"https:\\\/\\\/agpograf.com\\\/fr\\\/#organization\"},\"image\":{\"@id\":\"https:\\\/\\\/agpograf.com\\\/fr\\\/lecoedicio-cap-a-una-industria-editorial-mes-sostenible\\\/#primaryimage\"},\"thumbnailUrl\":\"https:\\\/\\\/agpograf.com\\\/wp-content\\\/uploads\\\/2024\\\/05\\\/Ecoedicio_blog_1500x1000.jpg\",\"articleSection\":[\"blog\"],\"inLanguage\":\"fr-FR\"},{\"@type\":\"WebPage\",\"@id\":\"https:\\\/\\\/agpograf.com\\\/fr\\\/lecoedicio-cap-a-una-industria-editorial-mes-sostenible\\\/\",\"url\":\"https:\\\/\\\/agpograf.com\\\/fr\\\/lecoedicio-cap-a-una-industria-editorial-mes-sostenible\\\/\",\"name\":\"L'\u00e9co-\u00e9dition : Vers une industrie \u00e9ditoriale plus durable &#8211; Agpograf Impressors\",\"isPartOf\":{\"@id\":\"https:\\\/\\\/agpograf.com\\\/fr\\\/#website\"},\"primaryImageOfPage\":{\"@id\":\"https:\\\/\\\/agpograf.com\\\/fr\\\/lecoedicio-cap-a-una-industria-editorial-mes-sostenible\\\/#primaryimage\"},\"image\":{\"@id\":\"https:\\\/\\\/agpograf.com\\\/fr\\\/lecoedicio-cap-a-una-industria-editorial-mes-sostenible\\\/#primaryimage\"},\"thumbnailUrl\":\"https:\\\/\\\/agpograf.com\\\/wp-content\\\/uploads\\\/2024\\\/05\\\/Ecoedicio_blog_1500x1000.jpg\",\"datePublished\":\"2024-05-30T15:00:30+00:00\",\"dateModified\":\"2024-05-30T15:22:58+00:00\",\"description\":\"Dans un monde de plus en plus sensible \u00e0 la durabilit\u00e9, l'\u00e9co-\u00e9dition se pr\u00e9sente comme une solution innovante pour r\u00e9duire l'impact environnemental du secteur \u00e9ditorial de Catalogne.\",\"breadcrumb\":{\"@id\":\"https:\\\/\\\/agpograf.com\\\/fr\\\/lecoedicio-cap-a-una-industria-editorial-mes-sostenible\\\/#breadcrumb\"},\"inLanguage\":\"fr-FR\",\"potentialAction\":[{\"@type\":\"ReadAction\",\"target\":[\"https:\\\/\\\/agpograf.com\\\/fr\\\/lecoedicio-cap-a-una-industria-editorial-mes-sostenible\\\/\"]}]},{\"@type\":\"ImageObject\",\"inLanguage\":\"fr-FR\",\"@id\":\"https:\\\/\\\/agpograf.com\\\/fr\\\/lecoedicio-cap-a-una-industria-editorial-mes-sostenible\\\/#primaryimage\",\"url\":\"https:\\\/\\\/agpograf.com\\\/wp-content\\\/uploads\\\/2024\\\/05\\\/Ecoedicio_blog_1500x1000.jpg\",\"contentUrl\":\"https:\\\/\\\/agpograf.com\\\/wp-content\\\/uploads\\\/2024\\\/05\\\/Ecoedicio_blog_1500x1000.jpg\",\"width\":1500,\"height\":1000,\"caption\":\"Ecoedici\u00f3 Agpograf\"},{\"@type\":\"BreadcrumbList\",\"@id\":\"https:\\\/\\\/agpograf.com\\\/fr\\\/lecoedicio-cap-a-una-industria-editorial-mes-sostenible\\\/#breadcrumb\",\"itemListElement\":[{\"@type\":\"ListItem\",\"position\":1,\"name\":\"Inici\",\"item\":\"https:\\\/\\\/agpograf.com\\\/fr\\\/\"},{\"@type\":\"ListItem\",\"position\":2,\"name\":\"L&#8217;\u00e9co-\u00e9dition : Vers une industrie \u00e9ditoriale plus durable\"}]},{\"@type\":\"WebSite\",\"@id\":\"https:\\\/\\\/agpograf.com\\\/fr\\\/#website\",\"url\":\"https:\\\/\\\/agpograf.com\\\/fr\\\/\",\"name\":\"Agpograf Impressors\",\"description\":\"Printing your dreams\",\"publisher\":{\"@id\":\"https:\\\/\\\/agpograf.com\\\/fr\\\/#organization\"},\"potentialAction\":[{\"@type\":\"SearchAction\",\"target\":{\"@type\":\"EntryPoint\",\"urlTemplate\":\"https:\\\/\\\/agpograf.com\\\/fr\\\/?s={search_term_string}\"},\"query-input\":{\"@type\":\"PropertyValueSpecification\",\"valueRequired\":true,\"valueName\":\"search_term_string\"}}],\"inLanguage\":\"fr-FR\"},{\"@type\":\"Organization\",\"@id\":\"https:\\\/\\\/agpograf.com\\\/fr\\\/#organization\",\"name\":\"Agpograf Impressors\",\"url\":\"https:\\\/\\\/agpograf.com\\\/fr\\\/\",\"logo\":{\"@type\":\"ImageObject\",\"inLanguage\":\"fr-FR\",\"@id\":\"https:\\\/\\\/agpograf.com\\\/fr\\\/#\\\/schema\\\/logo\\\/image\\\/\",\"url\":\"https:\\\/\\\/www.agpograf.com\\\/wp-content\\\/uploads\\\/2020\\\/01\\\/Agpgoraf-Impressors-logo.png\",\"contentUrl\":\"https:\\\/\\\/www.agpograf.com\\\/wp-content\\\/uploads\\\/2020\\\/01\\\/Agpgoraf-Impressors-logo.png\",\"width\":601,\"height\":477,\"caption\":\"Agpograf Impressors\"},\"image\":{\"@id\":\"https:\\\/\\\/agpograf.com\\\/fr\\\/#\\\/schema\\\/logo\\\/image\\\/\"},\"sameAs\":[\"https:\\\/\\\/www.facebook.com\\\/Agpograf\",\"https:\\\/\\\/www.instagram.com\\\/agpograf_impressors\\\/\",\"https:\\\/\\\/www.linkedin.com\\\/company\\\/agpograf-impressors\\\/about\\\/\",\"https:\\\/\\\/www.youtube.com\\\/channel\\\/UC1vXUlhI2NeafCFLhfnrQXw\",\"https:\\\/\\\/www.behance.net\\\/agpografimpressors\"]},{\"@type\":\"Person\",\"@id\":\"https:\\\/\\\/agpograf.com\\\/fr\\\/#\\\/schema\\\/person\\\/f970b231fa1e3883a254658ce2789d6a\",\"name\":\"agpo2018\",\"image\":{\"@type\":\"ImageObject\",\"inLanguage\":\"fr-FR\",\"@id\":\"https:\\\/\\\/secure.gravatar.com\\\/avatar\\\/1b31af11b441709081e19a5258d29fcb920ae3249fa80c00a863bde3cf378dfb?s=96&d=mm&r=g\",\"url\":\"https:\\\/\\\/secure.gravatar.com\\\/avatar\\\/1b31af11b441709081e19a5258d29fcb920ae3249fa80c00a863bde3cf378dfb?s=96&d=mm&r=g\",\"contentUrl\":\"https:\\\/\\\/secure.gravatar.com\\\/avatar\\\/1b31af11b441709081e19a5258d29fcb920ae3249fa80c00a863bde3cf378dfb?s=96&d=mm&r=g\",\"caption\":\"agpo2018\"},\"url\":\"https:\\\/\\\/agpograf.com\\\/fr\\\/author\\\/agpo2018\\\/\"}]}<\/script>\n<!-- \/ Yoast SEO plugin. -->","yoast_head_json":{"title":"L'\u00e9co-\u00e9dition : Vers une industrie \u00e9ditoriale plus durable &#8211; Agpograf Impressors","description":"Dans un monde de plus en plus sensible \u00e0 la durabilit\u00e9, l'\u00e9co-\u00e9dition se pr\u00e9sente comme une solution innovante pour r\u00e9duire l'impact environnemental du secteur \u00e9ditorial de Catalogne.","robots":{"index":"index","follow":"follow","max-snippet":"max-snippet:-1","max-image-preview":"max-image-preview:large","max-video-preview":"max-video-preview:-1"},"canonical":"https:\/\/agpograf.com\/fr\/lecoedicio-cap-a-una-industria-editorial-mes-sostenible\/","og_locale":"fr_FR","og_type":"article","og_title":"L'\u00e9co-\u00e9dition : Vers une industrie \u00e9ditoriale plus durable &#8211; Agpograf Impressors","og_description":"Dans un monde de plus en plus sensible \u00e0 la durabilit\u00e9, l'\u00e9co-\u00e9dition se pr\u00e9sente comme une solution innovante pour r\u00e9duire l'impact environnemental du secteur \u00e9ditorial de Catalogne.","og_url":"https:\/\/agpograf.com\/fr\/lecoedicio-cap-a-una-industria-editorial-mes-sostenible\/","og_site_name":"Agpograf Impressors","article_publisher":"https:\/\/www.facebook.com\/Agpograf","article_published_time":"2024-05-30T15:00:30+00:00","article_modified_time":"2024-05-30T15:22:58+00:00","author":"agpo2018","twitter_card":"summary_large_image","twitter_misc":{"\u00c9crit par":"agpo2018","Dur\u00e9e de lecture estim\u00e9e":"3 minutes"},"schema":{"@context":"https:\/\/schema.org","@graph":[{"@type":"Article","@id":"https:\/\/agpograf.com\/fr\/lecoedicio-cap-a-una-industria-editorial-mes-sostenible\/#article","isPartOf":{"@id":"https:\/\/agpograf.com\/fr\/lecoedicio-cap-a-una-industria-editorial-mes-sostenible\/"},"author":{"name":"agpo2018","@id":"https:\/\/agpograf.com\/fr\/#\/schema\/person\/f970b231fa1e3883a254658ce2789d6a"},"headline":"L&rsquo;\u00e9co-\u00e9dition : Vers une industrie \u00e9ditoriale plus durable","datePublished":"2024-05-30T15:00:30+00:00","dateModified":"2024-05-30T15:22:58+00:00","mainEntityOfPage":{"@id":"https:\/\/agpograf.com\/fr\/lecoedicio-cap-a-una-industria-editorial-mes-sostenible\/"},"wordCount":688,"publisher":{"@id":"https:\/\/agpograf.com\/fr\/#organization"},"image":{"@id":"https:\/\/agpograf.com\/fr\/lecoedicio-cap-a-una-industria-editorial-mes-sostenible\/#primaryimage"},"thumbnailUrl":"https:\/\/agpograf.com\/wp-content\/uploads\/2024\/05\/Ecoedicio_blog_1500x1000.jpg","articleSection":["blog"],"inLanguage":"fr-FR"},{"@type":"WebPage","@id":"https:\/\/agpograf.com\/fr\/lecoedicio-cap-a-una-industria-editorial-mes-sostenible\/","url":"https:\/\/agpograf.com\/fr\/lecoedicio-cap-a-una-industria-editorial-mes-sostenible\/","name":"L'\u00e9co-\u00e9dition : Vers une industrie \u00e9ditoriale plus durable &#8211; Agpograf Impressors","isPartOf":{"@id":"https:\/\/agpograf.com\/fr\/#website"},"primaryImageOfPage":{"@id":"https:\/\/agpograf.com\/fr\/lecoedicio-cap-a-una-industria-editorial-mes-sostenible\/#primaryimage"},"image":{"@id":"https:\/\/agpograf.com\/fr\/lecoedicio-cap-a-una-industria-editorial-mes-sostenible\/#primaryimage"},"thumbnailUrl":"https:\/\/agpograf.com\/wp-content\/uploads\/2024\/05\/Ecoedicio_blog_1500x1000.jpg","datePublished":"2024-05-30T15:00:30+00:00","dateModified":"2024-05-30T15:22:58+00:00","description":"Dans un monde de plus en plus sensible \u00e0 la durabilit\u00e9, l'\u00e9co-\u00e9dition se pr\u00e9sente comme une solution innovante pour r\u00e9duire l'impact environnemental du secteur \u00e9ditorial de Catalogne.","breadcrumb":{"@id":"https:\/\/agpograf.com\/fr\/lecoedicio-cap-a-una-industria-editorial-mes-sostenible\/#breadcrumb"},"inLanguage":"fr-FR","potentialAction":[{"@type":"ReadAction","target":["https:\/\/agpograf.com\/fr\/lecoedicio-cap-a-una-industria-editorial-mes-sostenible\/"]}]},{"@type":"ImageObject","inLanguage":"fr-FR","@id":"https:\/\/agpograf.com\/fr\/lecoedicio-cap-a-una-industria-editorial-mes-sostenible\/#primaryimage","url":"https:\/\/agpograf.com\/wp-content\/uploads\/2024\/05\/Ecoedicio_blog_1500x1000.jpg","contentUrl":"https:\/\/agpograf.com\/wp-content\/uploads\/2024\/05\/Ecoedicio_blog_1500x1000.jpg","width":1500,"height":1000,"caption":"Ecoedici\u00f3 Agpograf"},{"@type":"BreadcrumbList","@id":"https:\/\/agpograf.com\/fr\/lecoedicio-cap-a-una-industria-editorial-mes-sostenible\/#breadcrumb","itemListElement":[{"@type":"ListItem","position":1,"name":"Inici","item":"https:\/\/agpograf.com\/fr\/"},{"@type":"ListItem","position":2,"name":"L&#8217;\u00e9co-\u00e9dition : Vers une industrie \u00e9ditoriale plus durable"}]},{"@type":"WebSite","@id":"https:\/\/agpograf.com\/fr\/#website","url":"https:\/\/agpograf.com\/fr\/","name":"Agpograf Impressors","description":"Printing your dreams","publisher":{"@id":"https:\/\/agpograf.com\/fr\/#organization"},"potentialAction":[{"@type":"SearchAction","target":{"@type":"EntryPoint","urlTemplate":"https:\/\/agpograf.com\/fr\/?s={search_term_string}"},"query-input":{"@type":"PropertyValueSpecification","valueRequired":true,"valueName":"search_term_string"}}],"inLanguage":"fr-FR"},{"@type":"Organization","@id":"https:\/\/agpograf.com\/fr\/#organization","name":"Agpograf Impressors","url":"https:\/\/agpograf.com\/fr\/","logo":{"@type":"ImageObject","inLanguage":"fr-FR","@id":"https:\/\/agpograf.com\/fr\/#\/schema\/logo\/image\/","url":"https:\/\/www.agpograf.com\/wp-content\/uploads\/2020\/01\/Agpgoraf-Impressors-logo.png","contentUrl":"https:\/\/www.agpograf.com\/wp-content\/uploads\/2020\/01\/Agpgoraf-Impressors-logo.png","width":601,"height":477,"caption":"Agpograf Impressors"},"image":{"@id":"https:\/\/agpograf.com\/fr\/#\/schema\/logo\/image\/"},"sameAs":["https:\/\/www.facebook.com\/Agpograf","https:\/\/www.instagram.com\/agpograf_impressors\/","https:\/\/www.linkedin.com\/company\/agpograf-impressors\/about\/","https:\/\/www.youtube.com\/channel\/UC1vXUlhI2NeafCFLhfnrQXw","https:\/\/www.behance.net\/agpografimpressors"]},{"@type":"Person","@id":"https:\/\/agpograf.com\/fr\/#\/schema\/person\/f970b231fa1e3883a254658ce2789d6a","name":"agpo2018","image":{"@type":"ImageObject","inLanguage":"fr-FR","@id":"https:\/\/secure.gravatar.com\/avatar\/1b31af11b441709081e19a5258d29fcb920ae3249fa80c00a863bde3cf378dfb?s=96&d=mm&r=g","url":"https:\/\/secure.gravatar.com\/avatar\/1b31af11b441709081e19a5258d29fcb920ae3249fa80c00a863bde3cf378dfb?s=96&d=mm&r=g","contentUrl":"https:\/\/secure.gravatar.com\/avatar\/1b31af11b441709081e19a5258d29fcb920ae3249fa80c00a863bde3cf378dfb?s=96&d=mm&r=g","caption":"agpo2018"},"url":"https:\/\/agpograf.com\/fr\/author\/agpo2018\/"}]}},"_links":{"self":[{"href":"https:\/\/agpograf.com\/fr\/wp-json\/wp\/v2\/posts\/17800","targetHints":{"allow":["GET"]}}],"collection":[{"href":"https:\/\/agpograf.com\/fr\/wp-json\/wp\/v2\/posts"}],"about":[{"href":"https:\/\/agpograf.com\/fr\/wp-json\/wp\/v2\/types\/post"}],"author":[{"embeddable":true,"href":"https:\/\/agpograf.com\/fr\/wp-json\/wp\/v2\/users\/1"}],"replies":[{"embeddable":true,"href":"https:\/\/agpograf.com\/fr\/wp-json\/wp\/v2\/comments?post=17800"}],"version-history":[{"count":7,"href":"https:\/\/agpograf.com\/fr\/wp-json\/wp\/v2\/posts\/17800\/revisions"}],"predecessor-version":[{"id":17820,"href":"https:\/\/agpograf.com\/fr\/wp-json\/wp\/v2\/posts\/17800\/revisions\/17820"}],"wp:featuredmedia":[{"embeddable":true,"href":"https:\/\/agpograf.com\/fr\/wp-json\/wp\/v2\/media\/17779"}],"wp:attachment":[{"href":"https:\/\/agpograf.com\/fr\/wp-json\/wp\/v2\/media?parent=17800"}],"wp:term":[{"taxonomy":"category","embeddable":true,"href":"https:\/\/agpograf.com\/fr\/wp-json\/wp\/v2\/categories?post=17800"},{"taxonomy":"post_tag","embeddable":true,"href":"https:\/\/agpograf.com\/fr\/wp-json\/wp\/v2\/tags?post=17800"}],"curies":[{"name":"wp","href":"https:\/\/api.w.org\/{rel}","templated":true}]}}