{"id":15195,"date":"2022-12-14T11:38:40","date_gmt":"2022-12-14T09:38:40","guid":{"rendered":"https:\/\/agpograf.com\/adg-magabook-laus-2022-el-llibre-de-les-criatures-fantastiques\/"},"modified":"2022-12-14T12:55:58","modified_gmt":"2022-12-14T10:55:58","slug":"adg-magabook-laus-2022-el-llibre-de-les-criatures-fantastiques","status":"publish","type":"post","link":"https:\/\/agpograf.com\/fr\/adg-magabook-laus-2022-el-llibre-de-les-criatures-fantastiques\/","title":{"rendered":"ADG Magabook Laus 2022 &#8211; \u00ab\u00a0El libro de las criaturas fant\u00e1sticas\u00a0\u00bb"},"content":{"rendered":"<div class=\"wpb-content-wrapper\"><p>[vc_row css_animation=\u00a0\u00bb\u00a0\u00bb row_type=\u00a0\u00bbrow\u00a0\u00bb use_row_as_full_screen_section=\u00a0\u00bbno\u00a0\u00bb type=\u00a0\u00bbfull_width\u00a0\u00bb angled_section=\u00a0\u00bbno\u00a0\u00bb text_align=\u00a0\u00bbleft\u00a0\u00bb background_image_as_pattern=\u00a0\u00bbwithout_pattern\u00a0\u00bb][vc_column][vc_empty_space][vc_gallery interval=\u00a0\u00bb3&Prime; images=\u00a0\u00bb15141,15145,15149,15153,15157,15161,15165,15169,15173,15177&Prime; img_size=\u00a0\u00bblarge\u00a0\u00bb onclick=\u00a0\u00bb\u00a0\u00bb][vc_empty_space height=\u00a0\u00bb20px\u00a0\u00bb][\/vc_column][\/vc_row][vc_row css_animation=\u00a0\u00bb\u00a0\u00bb row_type=\u00a0\u00bbrow\u00a0\u00bb use_row_as_full_screen_section=\u00a0\u00bbno\u00a0\u00bb type=\u00a0\u00bbfull_width\u00a0\u00bb angled_section=\u00a0\u00bbno\u00a0\u00bb text_align=\u00a0\u00bbleft\u00a0\u00bb background_image_as_pattern=\u00a0\u00bbwithout_pattern\u00a0\u00bb z_index=\u00a0\u00bb\u00a0\u00bb][vc_column][vc_column_text]Cette ann\u00e9e encore, nous avons collabor\u00e9 \u00e0 l&rsquo;impression du livre des prix de l&rsquo;ADG Laus. Un titre qui reconna\u00eet le secteur des arts graphiques, et plus particuli\u00e8rement le travail r\u00e9alis\u00e9 par les graphistes qui contribuent toujours \u00e0 interpeller le destinataire et \u00e0 provoquer un moment de r\u00e9flexion en admirant leur travail.<\/p>\n<p>La publication, qui rassemble les 335 projets retenus par le jury, comprend \u00e9galement des interviews et divers contenus comme le Laus d&rsquo;honneur d\u00e9cern\u00e9 \u00e0 Pati N\u00fa\u00f1ez, pour r\u00e9compenser les designers et les entreprises dans leur parcours professionnel.<\/p>\n<p>Le Magabook ADG Laus 2022, a \u00e9t\u00e9 con\u00e7u par Guirardo Estudi de Disseny. Un atelier familial qui a fait son chemin pour recevoir cette commande. Le processus de conceptualisation a \u00e9t\u00e9 la partie la plus difficile pour le studio, car ils ne voulaient pas faire un livre o\u00f9 ils pourraient d\u00e9signer les gagnants, mais ils voulaient donner une \u00e2me au livre et d\u00e9couvrir les parties dont ces artistes sont compos\u00e9s.<\/p>\n<p>Le livre combine les techniques d&rsquo;impression offset conventionnelle et d&rsquo;impression UV LED pour lui donner une bonne finition. Il a une reliure rigide, pour cr\u00e9er une pi\u00e8ce classique dans le bon sens du terme, et avec une lecture confortable.<\/p>\n<p>Pour en savoir plus sur ce projet, nous vous laissons une<a href=\"https:\/\/www.adg-fad.org\/es\/news\/el-libro-de-las-criaturas-fantasticas\" target=\"_blank\" rel=\"noopener\"> interview<\/a> r\u00e9alis\u00e9e par ADG FAD dans Guirardo Estudi de Disseny.[\/vc_column_text][vc_empty_space height=\u00a0\u00bb40px\u00a0\u00bb][\/vc_column][\/vc_row]<\/p>\n<\/div>","protected":false},"excerpt":{"rendered":"<p>Cette ann\u00e9e encore, nous avons collabor\u00e9 \u00e0 l&rsquo;impression du livre des prix de l&rsquo;ADG Laus. Un titre qui reconna\u00eet le secteur des arts graphiques, et plus particuli\u00e8rement le travail r\u00e9alis\u00e9 par les graphistes qui contribuent toujours \u00e0 interpeller le destinataire et \u00e0 provoquer un moment de r\u00e9flexion en admirant leur travail.<\/p>\n","protected":false},"author":1,"featured_media":15137,"comment_status":"closed","ping_status":"closed","sticky":false,"template":"","format":"standard","meta":{"footnotes":""},"categories":[754],"tags":[],"class_list":["post-15195","post","type-post","status-publish","format-standard","has-post-thumbnail","hentry","category-impressio-fr"],"yoast_head":"<!-- This site is optimized with the Yoast SEO plugin v27.4 - https:\/\/yoast.com\/product\/yoast-seo-wordpress\/ -->\n<title>ADG Magabook Laus 2022 - &quot;El libro de las criaturas fant\u00e1sticas&quot; &#8211; Agpograf Impressors<\/title>\n<meta name=\"description\" content=\"Cette ann\u00e9e encore, nous avons collabor\u00e9 \u00e0 l&#039;impression du livre des prix de l&#039;ADG Laus.\" \/>\n<meta name=\"robots\" content=\"index, follow, max-snippet:-1, max-image-preview:large, max-video-preview:-1\" \/>\n<link rel=\"canonical\" href=\"https:\/\/agpograf.com\/fr\/adg-magabook-laus-2022-el-llibre-de-les-criatures-fantastiques\/\" \/>\n<meta property=\"og:locale\" content=\"fr_FR\" \/>\n<meta property=\"og:type\" content=\"article\" \/>\n<meta property=\"og:title\" content=\"ADG Magabook Laus 2022 - &quot;El libro de las criaturas fant\u00e1sticas&quot; &#8211; Agpograf Impressors\" \/>\n<meta property=\"og:description\" content=\"Cette ann\u00e9e encore, nous avons collabor\u00e9 \u00e0 l&#039;impression du livre des prix de l&#039;ADG Laus.\" \/>\n<meta property=\"og:url\" content=\"https:\/\/agpograf.com\/fr\/adg-magabook-laus-2022-el-llibre-de-les-criatures-fantastiques\/\" \/>\n<meta property=\"og:site_name\" content=\"Agpograf Impressors\" \/>\n<meta property=\"article:publisher\" content=\"https:\/\/www.facebook.com\/Agpograf\" \/>\n<meta property=\"article:published_time\" content=\"2022-12-14T09:38:40+00:00\" \/>\n<meta property=\"article:modified_time\" content=\"2022-12-14T10:55:58+00:00\" \/>\n<meta property=\"og:image\" content=\"https:\/\/agpograf.com\/wp-content\/uploads\/2022\/12\/Laus-1024x682.png\" \/>\n\t<meta property=\"og:image:width\" content=\"1024\" \/>\n\t<meta property=\"og:image:height\" content=\"682\" \/>\n\t<meta property=\"og:image:type\" content=\"image\/png\" \/>\n<meta name=\"author\" content=\"agpo2018\" \/>\n<meta name=\"twitter:card\" content=\"summary_large_image\" \/>\n<meta name=\"twitter:label1\" content=\"\u00c9crit par\" \/>\n\t<meta name=\"twitter:data1\" content=\"agpo2018\" \/>\n\t<meta name=\"twitter:label2\" content=\"Dur\u00e9e de lecture estim\u00e9e\" \/>\n\t<meta name=\"twitter:data2\" content=\"2 minutes\" \/>\n<script type=\"application\/ld+json\" class=\"yoast-schema-graph\">{\"@context\":\"https:\\\/\\\/schema.org\",\"@graph\":[{\"@type\":\"Article\",\"@id\":\"https:\\\/\\\/agpograf.com\\\/fr\\\/adg-magabook-laus-2022-el-llibre-de-les-criatures-fantastiques\\\/#article\",\"isPartOf\":{\"@id\":\"https:\\\/\\\/agpograf.com\\\/fr\\\/adg-magabook-laus-2022-el-llibre-de-les-criatures-fantastiques\\\/\"},\"author\":{\"name\":\"agpo2018\",\"@id\":\"https:\\\/\\\/agpograf.com\\\/fr\\\/#\\\/schema\\\/person\\\/f970b231fa1e3883a254658ce2789d6a\"},\"headline\":\"ADG Magabook Laus 2022 &#8211; \u00ab\u00a0El libro de las criaturas fant\u00e1sticas\u00a0\u00bb\",\"datePublished\":\"2022-12-14T09:38:40+00:00\",\"dateModified\":\"2022-12-14T10:55:58+00:00\",\"mainEntityOfPage\":{\"@id\":\"https:\\\/\\\/agpograf.com\\\/fr\\\/adg-magabook-laus-2022-el-llibre-de-les-criatures-fantastiques\\\/\"},\"wordCount\":338,\"publisher\":{\"@id\":\"https:\\\/\\\/agpograf.com\\\/fr\\\/#organization\"},\"image\":{\"@id\":\"https:\\\/\\\/agpograf.com\\\/fr\\\/adg-magabook-laus-2022-el-llibre-de-les-criatures-fantastiques\\\/#primaryimage\"},\"thumbnailUrl\":\"https:\\\/\\\/agpograf.com\\\/wp-content\\\/uploads\\\/2022\\\/12\\\/Laus.png\",\"articleSection\":[\"Impressi\u00f3\"],\"inLanguage\":\"fr-FR\"},{\"@type\":\"WebPage\",\"@id\":\"https:\\\/\\\/agpograf.com\\\/fr\\\/adg-magabook-laus-2022-el-llibre-de-les-criatures-fantastiques\\\/\",\"url\":\"https:\\\/\\\/agpograf.com\\\/fr\\\/adg-magabook-laus-2022-el-llibre-de-les-criatures-fantastiques\\\/\",\"name\":\"ADG Magabook Laus 2022 - \\\"El libro de las criaturas fant\u00e1sticas\\\" &#8211; Agpograf Impressors\",\"isPartOf\":{\"@id\":\"https:\\\/\\\/agpograf.com\\\/fr\\\/#website\"},\"primaryImageOfPage\":{\"@id\":\"https:\\\/\\\/agpograf.com\\\/fr\\\/adg-magabook-laus-2022-el-llibre-de-les-criatures-fantastiques\\\/#primaryimage\"},\"image\":{\"@id\":\"https:\\\/\\\/agpograf.com\\\/fr\\\/adg-magabook-laus-2022-el-llibre-de-les-criatures-fantastiques\\\/#primaryimage\"},\"thumbnailUrl\":\"https:\\\/\\\/agpograf.com\\\/wp-content\\\/uploads\\\/2022\\\/12\\\/Laus.png\",\"datePublished\":\"2022-12-14T09:38:40+00:00\",\"dateModified\":\"2022-12-14T10:55:58+00:00\",\"description\":\"Cette ann\u00e9e encore, nous avons collabor\u00e9 \u00e0 l'impression du livre des prix de l'ADG Laus.\",\"breadcrumb\":{\"@id\":\"https:\\\/\\\/agpograf.com\\\/fr\\\/adg-magabook-laus-2022-el-llibre-de-les-criatures-fantastiques\\\/#breadcrumb\"},\"inLanguage\":\"fr-FR\",\"potentialAction\":[{\"@type\":\"ReadAction\",\"target\":[\"https:\\\/\\\/agpograf.com\\\/fr\\\/adg-magabook-laus-2022-el-llibre-de-les-criatures-fantastiques\\\/\"]}]},{\"@type\":\"ImageObject\",\"inLanguage\":\"fr-FR\",\"@id\":\"https:\\\/\\\/agpograf.com\\\/fr\\\/adg-magabook-laus-2022-el-llibre-de-les-criatures-fantastiques\\\/#primaryimage\",\"url\":\"https:\\\/\\\/agpograf.com\\\/wp-content\\\/uploads\\\/2022\\\/12\\\/Laus.png\",\"contentUrl\":\"https:\\\/\\\/agpograf.com\\\/wp-content\\\/uploads\\\/2022\\\/12\\\/Laus.png\",\"width\":2000,\"height\":1333},{\"@type\":\"BreadcrumbList\",\"@id\":\"https:\\\/\\\/agpograf.com\\\/fr\\\/adg-magabook-laus-2022-el-llibre-de-les-criatures-fantastiques\\\/#breadcrumb\",\"itemListElement\":[{\"@type\":\"ListItem\",\"position\":1,\"name\":\"Inici\",\"item\":\"https:\\\/\\\/agpograf.com\\\/fr\\\/\"},{\"@type\":\"ListItem\",\"position\":2,\"name\":\"ADG Magabook Laus 2022 &#8211; &#8220;El libro de las criaturas fant\u00e1sticas&#8221;\"}]},{\"@type\":\"WebSite\",\"@id\":\"https:\\\/\\\/agpograf.com\\\/fr\\\/#website\",\"url\":\"https:\\\/\\\/agpograf.com\\\/fr\\\/\",\"name\":\"Agpograf Impressors\",\"description\":\"Printing your dreams\",\"publisher\":{\"@id\":\"https:\\\/\\\/agpograf.com\\\/fr\\\/#organization\"},\"potentialAction\":[{\"@type\":\"SearchAction\",\"target\":{\"@type\":\"EntryPoint\",\"urlTemplate\":\"https:\\\/\\\/agpograf.com\\\/fr\\\/?s={search_term_string}\"},\"query-input\":{\"@type\":\"PropertyValueSpecification\",\"valueRequired\":true,\"valueName\":\"search_term_string\"}}],\"inLanguage\":\"fr-FR\"},{\"@type\":\"Organization\",\"@id\":\"https:\\\/\\\/agpograf.com\\\/fr\\\/#organization\",\"name\":\"Agpograf Impressors\",\"url\":\"https:\\\/\\\/agpograf.com\\\/fr\\\/\",\"logo\":{\"@type\":\"ImageObject\",\"inLanguage\":\"fr-FR\",\"@id\":\"https:\\\/\\\/agpograf.com\\\/fr\\\/#\\\/schema\\\/logo\\\/image\\\/\",\"url\":\"https:\\\/\\\/www.agpograf.com\\\/wp-content\\\/uploads\\\/2020\\\/01\\\/Agpgoraf-Impressors-logo.png\",\"contentUrl\":\"https:\\\/\\\/www.agpograf.com\\\/wp-content\\\/uploads\\\/2020\\\/01\\\/Agpgoraf-Impressors-logo.png\",\"width\":601,\"height\":477,\"caption\":\"Agpograf Impressors\"},\"image\":{\"@id\":\"https:\\\/\\\/agpograf.com\\\/fr\\\/#\\\/schema\\\/logo\\\/image\\\/\"},\"sameAs\":[\"https:\\\/\\\/www.facebook.com\\\/Agpograf\",\"https:\\\/\\\/www.instagram.com\\\/agpograf_impressors\\\/\",\"https:\\\/\\\/www.linkedin.com\\\/company\\\/agpograf-impressors\\\/about\\\/\",\"https:\\\/\\\/www.youtube.com\\\/channel\\\/UC1vXUlhI2NeafCFLhfnrQXw\",\"https:\\\/\\\/www.behance.net\\\/agpografimpressors\"]},{\"@type\":\"Person\",\"@id\":\"https:\\\/\\\/agpograf.com\\\/fr\\\/#\\\/schema\\\/person\\\/f970b231fa1e3883a254658ce2789d6a\",\"name\":\"agpo2018\",\"image\":{\"@type\":\"ImageObject\",\"inLanguage\":\"fr-FR\",\"@id\":\"https:\\\/\\\/secure.gravatar.com\\\/avatar\\\/1b31af11b441709081e19a5258d29fcb920ae3249fa80c00a863bde3cf378dfb?s=96&d=mm&r=g\",\"url\":\"https:\\\/\\\/secure.gravatar.com\\\/avatar\\\/1b31af11b441709081e19a5258d29fcb920ae3249fa80c00a863bde3cf378dfb?s=96&d=mm&r=g\",\"contentUrl\":\"https:\\\/\\\/secure.gravatar.com\\\/avatar\\\/1b31af11b441709081e19a5258d29fcb920ae3249fa80c00a863bde3cf378dfb?s=96&d=mm&r=g\",\"caption\":\"agpo2018\"},\"url\":\"https:\\\/\\\/agpograf.com\\\/fr\\\/author\\\/agpo2018\\\/\"}]}<\/script>\n<!-- \/ Yoast SEO plugin. -->","yoast_head_json":{"title":"ADG Magabook Laus 2022 - \"El libro de las criaturas fant\u00e1sticas\" &#8211; Agpograf Impressors","description":"Cette ann\u00e9e encore, nous avons collabor\u00e9 \u00e0 l'impression du livre des prix de l'ADG Laus.","robots":{"index":"index","follow":"follow","max-snippet":"max-snippet:-1","max-image-preview":"max-image-preview:large","max-video-preview":"max-video-preview:-1"},"canonical":"https:\/\/agpograf.com\/fr\/adg-magabook-laus-2022-el-llibre-de-les-criatures-fantastiques\/","og_locale":"fr_FR","og_type":"article","og_title":"ADG Magabook Laus 2022 - \"El libro de las criaturas fant\u00e1sticas\" &#8211; Agpograf Impressors","og_description":"Cette ann\u00e9e encore, nous avons collabor\u00e9 \u00e0 l'impression du livre des prix de l'ADG Laus.","og_url":"https:\/\/agpograf.com\/fr\/adg-magabook-laus-2022-el-llibre-de-les-criatures-fantastiques\/","og_site_name":"Agpograf Impressors","article_publisher":"https:\/\/www.facebook.com\/Agpograf","article_published_time":"2022-12-14T09:38:40+00:00","article_modified_time":"2022-12-14T10:55:58+00:00","og_image":[{"width":1024,"height":682,"url":"https:\/\/agpograf.com\/wp-content\/uploads\/2022\/12\/Laus-1024x682.png","type":"image\/png"}],"author":"agpo2018","twitter_card":"summary_large_image","twitter_misc":{"\u00c9crit par":"agpo2018","Dur\u00e9e de lecture estim\u00e9e":"2 minutes"},"schema":{"@context":"https:\/\/schema.org","@graph":[{"@type":"Article","@id":"https:\/\/agpograf.com\/fr\/adg-magabook-laus-2022-el-llibre-de-les-criatures-fantastiques\/#article","isPartOf":{"@id":"https:\/\/agpograf.com\/fr\/adg-magabook-laus-2022-el-llibre-de-les-criatures-fantastiques\/"},"author":{"name":"agpo2018","@id":"https:\/\/agpograf.com\/fr\/#\/schema\/person\/f970b231fa1e3883a254658ce2789d6a"},"headline":"ADG Magabook Laus 2022 &#8211; \u00ab\u00a0El libro de las criaturas fant\u00e1sticas\u00a0\u00bb","datePublished":"2022-12-14T09:38:40+00:00","dateModified":"2022-12-14T10:55:58+00:00","mainEntityOfPage":{"@id":"https:\/\/agpograf.com\/fr\/adg-magabook-laus-2022-el-llibre-de-les-criatures-fantastiques\/"},"wordCount":338,"publisher":{"@id":"https:\/\/agpograf.com\/fr\/#organization"},"image":{"@id":"https:\/\/agpograf.com\/fr\/adg-magabook-laus-2022-el-llibre-de-les-criatures-fantastiques\/#primaryimage"},"thumbnailUrl":"https:\/\/agpograf.com\/wp-content\/uploads\/2022\/12\/Laus.png","articleSection":["Impressi\u00f3"],"inLanguage":"fr-FR"},{"@type":"WebPage","@id":"https:\/\/agpograf.com\/fr\/adg-magabook-laus-2022-el-llibre-de-les-criatures-fantastiques\/","url":"https:\/\/agpograf.com\/fr\/adg-magabook-laus-2022-el-llibre-de-les-criatures-fantastiques\/","name":"ADG Magabook Laus 2022 - \"El libro de las criaturas fant\u00e1sticas\" &#8211; Agpograf Impressors","isPartOf":{"@id":"https:\/\/agpograf.com\/fr\/#website"},"primaryImageOfPage":{"@id":"https:\/\/agpograf.com\/fr\/adg-magabook-laus-2022-el-llibre-de-les-criatures-fantastiques\/#primaryimage"},"image":{"@id":"https:\/\/agpograf.com\/fr\/adg-magabook-laus-2022-el-llibre-de-les-criatures-fantastiques\/#primaryimage"},"thumbnailUrl":"https:\/\/agpograf.com\/wp-content\/uploads\/2022\/12\/Laus.png","datePublished":"2022-12-14T09:38:40+00:00","dateModified":"2022-12-14T10:55:58+00:00","description":"Cette ann\u00e9e encore, nous avons collabor\u00e9 \u00e0 l'impression du livre des prix de l'ADG Laus.","breadcrumb":{"@id":"https:\/\/agpograf.com\/fr\/adg-magabook-laus-2022-el-llibre-de-les-criatures-fantastiques\/#breadcrumb"},"inLanguage":"fr-FR","potentialAction":[{"@type":"ReadAction","target":["https:\/\/agpograf.com\/fr\/adg-magabook-laus-2022-el-llibre-de-les-criatures-fantastiques\/"]}]},{"@type":"ImageObject","inLanguage":"fr-FR","@id":"https:\/\/agpograf.com\/fr\/adg-magabook-laus-2022-el-llibre-de-les-criatures-fantastiques\/#primaryimage","url":"https:\/\/agpograf.com\/wp-content\/uploads\/2022\/12\/Laus.png","contentUrl":"https:\/\/agpograf.com\/wp-content\/uploads\/2022\/12\/Laus.png","width":2000,"height":1333},{"@type":"BreadcrumbList","@id":"https:\/\/agpograf.com\/fr\/adg-magabook-laus-2022-el-llibre-de-les-criatures-fantastiques\/#breadcrumb","itemListElement":[{"@type":"ListItem","position":1,"name":"Inici","item":"https:\/\/agpograf.com\/fr\/"},{"@type":"ListItem","position":2,"name":"ADG Magabook Laus 2022 &#8211; &#8220;El libro de las criaturas fant\u00e1sticas&#8221;"}]},{"@type":"WebSite","@id":"https:\/\/agpograf.com\/fr\/#website","url":"https:\/\/agpograf.com\/fr\/","name":"Agpograf Impressors","description":"Printing your dreams","publisher":{"@id":"https:\/\/agpograf.com\/fr\/#organization"},"potentialAction":[{"@type":"SearchAction","target":{"@type":"EntryPoint","urlTemplate":"https:\/\/agpograf.com\/fr\/?s={search_term_string}"},"query-input":{"@type":"PropertyValueSpecification","valueRequired":true,"valueName":"search_term_string"}}],"inLanguage":"fr-FR"},{"@type":"Organization","@id":"https:\/\/agpograf.com\/fr\/#organization","name":"Agpograf Impressors","url":"https:\/\/agpograf.com\/fr\/","logo":{"@type":"ImageObject","inLanguage":"fr-FR","@id":"https:\/\/agpograf.com\/fr\/#\/schema\/logo\/image\/","url":"https:\/\/www.agpograf.com\/wp-content\/uploads\/2020\/01\/Agpgoraf-Impressors-logo.png","contentUrl":"https:\/\/www.agpograf.com\/wp-content\/uploads\/2020\/01\/Agpgoraf-Impressors-logo.png","width":601,"height":477,"caption":"Agpograf Impressors"},"image":{"@id":"https:\/\/agpograf.com\/fr\/#\/schema\/logo\/image\/"},"sameAs":["https:\/\/www.facebook.com\/Agpograf","https:\/\/www.instagram.com\/agpograf_impressors\/","https:\/\/www.linkedin.com\/company\/agpograf-impressors\/about\/","https:\/\/www.youtube.com\/channel\/UC1vXUlhI2NeafCFLhfnrQXw","https:\/\/www.behance.net\/agpografimpressors"]},{"@type":"Person","@id":"https:\/\/agpograf.com\/fr\/#\/schema\/person\/f970b231fa1e3883a254658ce2789d6a","name":"agpo2018","image":{"@type":"ImageObject","inLanguage":"fr-FR","@id":"https:\/\/secure.gravatar.com\/avatar\/1b31af11b441709081e19a5258d29fcb920ae3249fa80c00a863bde3cf378dfb?s=96&d=mm&r=g","url":"https:\/\/secure.gravatar.com\/avatar\/1b31af11b441709081e19a5258d29fcb920ae3249fa80c00a863bde3cf378dfb?s=96&d=mm&r=g","contentUrl":"https:\/\/secure.gravatar.com\/avatar\/1b31af11b441709081e19a5258d29fcb920ae3249fa80c00a863bde3cf378dfb?s=96&d=mm&r=g","caption":"agpo2018"},"url":"https:\/\/agpograf.com\/fr\/author\/agpo2018\/"}]}},"_links":{"self":[{"href":"https:\/\/agpograf.com\/fr\/wp-json\/wp\/v2\/posts\/15195","targetHints":{"allow":["GET"]}}],"collection":[{"href":"https:\/\/agpograf.com\/fr\/wp-json\/wp\/v2\/posts"}],"about":[{"href":"https:\/\/agpograf.com\/fr\/wp-json\/wp\/v2\/types\/post"}],"author":[{"embeddable":true,"href":"https:\/\/agpograf.com\/fr\/wp-json\/wp\/v2\/users\/1"}],"replies":[{"embeddable":true,"href":"https:\/\/agpograf.com\/fr\/wp-json\/wp\/v2\/comments?post=15195"}],"version-history":[{"count":3,"href":"https:\/\/agpograf.com\/fr\/wp-json\/wp\/v2\/posts\/15195\/revisions"}],"predecessor-version":[{"id":15214,"href":"https:\/\/agpograf.com\/fr\/wp-json\/wp\/v2\/posts\/15195\/revisions\/15214"}],"wp:featuredmedia":[{"embeddable":true,"href":"https:\/\/agpograf.com\/fr\/wp-json\/wp\/v2\/media\/15137"}],"wp:attachment":[{"href":"https:\/\/agpograf.com\/fr\/wp-json\/wp\/v2\/media?parent=15195"}],"wp:term":[{"taxonomy":"category","embeddable":true,"href":"https:\/\/agpograf.com\/fr\/wp-json\/wp\/v2\/categories?post=15195"},{"taxonomy":"post_tag","embeddable":true,"href":"https:\/\/agpograf.com\/fr\/wp-json\/wp\/v2\/tags?post=15195"}],"curies":[{"name":"wp","href":"https:\/\/api.w.org\/{rel}","templated":true}]}}