{"id":14105,"date":"2018-05-10T12:00:17","date_gmt":"2018-05-10T10:00:17","guid":{"rendered":"https:\/\/agpograf.cmsfacil.eu\/?p=14105"},"modified":"2022-11-15T12:06:09","modified_gmt":"2022-11-15T10:06:09","slug":"conference-ate-association-des-techniciens-de-ledition-et-de-la-publicite","status":"publish","type":"post","link":"https:\/\/agpograf.com\/fr\/conference-ate-association-des-techniciens-de-ledition-et-de-la-publicite\/","title":{"rendered":"Conf\u00e9rence ATE \u2013 Association des techniciens de l\u2019\u00e9dition et de la publicit\u00e9"},"content":{"rendered":"<div class=\"wpb-content-wrapper\"><p>[vc_row css_animation=\u00a0\u00bb\u00a0\u00bb row_type=\u00a0\u00bbrow\u00a0\u00bb use_row_as_full_screen_section=\u00a0\u00bbno\u00a0\u00bb type=\u00a0\u00bbfull_width\u00a0\u00bb angled_section=\u00a0\u00bbno\u00a0\u00bb text_align=\u00a0\u00bbleft\u00a0\u00bb background_image_as_pattern=\u00a0\u00bbwithout_pattern\u00a0\u00bb][vc_column][vc_empty_space][vc_gallery interval=\u00a0\u00bb3&Prime; images=\u00a0\u00bb8972,8975,8978,8981,8987,8984,8990,8993&Prime; img_size=\u00a0\u00bbmedium\u00a0\u00bb onclick=\u00a0\u00bb\u00a0\u00bb][vc_column_text]<\/p>\n<h4><strong>\u00ab\u00a0La multichromie ou simulation d\u2019impression en RVB\u00a0\u00bb<\/strong><\/h4>\n<p>[\/vc_column_text][vc_empty_space][\/vc_column][\/vc_row][vc_row css_animation=\u00a0\u00bb\u00a0\u00bb row_type=\u00a0\u00bbrow\u00a0\u00bb use_row_as_full_screen_section=\u00a0\u00bbno\u00a0\u00bb type=\u00a0\u00bbfull_width\u00a0\u00bb angled_section=\u00a0\u00bbno\u00a0\u00bb text_align=\u00a0\u00bbleft\u00a0\u00bb background_image_as_pattern=\u00a0\u00bbwithout_pattern\u00a0\u00bb][vc_column][vc_column_text]21\/03\/2018 Paris[\/vc_column_text][vc_empty_space height=\u00a0\u00bb15px\u00a0\u00bb][vc_column_text]Le 21 mars dernier, invit\u00e9s par l\u2019<a href=\"https:\/\/www.facebook.com\/Atep-association-des-techniciens-de-l%C3%A9dition-et-de-la-publicit%C3%A9-114831920164157\/\" target=\"_blank\" rel=\"noopener noreferrer\">ATEP France<\/a>, nous avons donn\u00e9 une conf\u00e9rence sur l\u2019impression en multichromie-impression RVB \u00e0 Paris.<\/p>\n<p>La conf\u00e9rence a fait salle comble, et le public qui y a assist\u00e9, dans son int\u00e9gralit\u00e9, techniciens et dirigeants du secteur \u00e9ditorial et de la publicit\u00e9 en France, a d\u00e9montr\u00e9 un grand int\u00e9r\u00eat avec un <em>feed-back<\/em> constant.<\/p>\n<p>La conf\u00e9rence a pr\u00e9sent\u00e9 la fa\u00e7on dont l\u2019impression en multichromie nous permet d\u2019aller au-del\u00e0 du spectre de reproduction standardis\u00e9 du CMJN. Et nous avons expliqu\u00e9 en d\u00e9tail le processus technique et de colorim\u00e9trie qui nous a conduit \u00e0 \u00eatre l\u2019un des imprimeurs pionniers dans sa mise en \u0153uvre dans l\u2019UE.<\/p>\n<p>Ci-joint le dossier d\u00e9taill\u00e9 et le contenu de celle-ci.[\/vc_column_text][\/vc_column][\/vc_row][vc_row css_animation=\u00a0\u00bb\u00a0\u00bb row_type=\u00a0\u00bbrow\u00a0\u00bb use_row_as_full_screen_section=\u00a0\u00bbno\u00a0\u00bb type=\u00a0\u00bbfull_width\u00a0\u00bb angled_section=\u00a0\u00bbno\u00a0\u00bb text_align=\u00a0\u00bbleft\u00a0\u00bb background_image_as_pattern=\u00a0\u00bbwithout_pattern\u00a0\u00bb][vc_column][vc_empty_space height=\u00a0\u00bb30px\u00a0\u00bb][vc_column_text]<a href=\"https:\/\/agpograf.com\/wp-content\/uploads\/2022\/11\/conf-multichro-ATEP.pdf\" class=\"pdfemb-viewer\" style=\"\" data-width=\"max\" data-height=\"max\" data-toolbar=\"bottom\" data-toolbar-fixed=\"off\">Impression-en-Multichromie<\/a>[\/vc_column_text][\/vc_column][\/vc_row][vc_row css_animation=\u00a0\u00bb\u00a0\u00bb row_type=\u00a0\u00bbrow\u00a0\u00bb use_row_as_full_screen_section=\u00a0\u00bbno\u00a0\u00bb type=\u00a0\u00bbfull_width\u00a0\u00bb angled_section=\u00a0\u00bbno\u00a0\u00bb text_align=\u00a0\u00bbleft\u00a0\u00bb background_image_as_pattern=\u00a0\u00bbwithout_pattern\u00a0\u00bb][vc_column][vc_empty_space height=\u00a0\u00bb40&Prime;][vc_column_text]<iframe src=\"https:\/\/player.vimeo.com\/video\/268939607\" width=\"640\" height=\"360\" frameborder=\"0\" allowfullscreen=\"allowfullscreen\" data-mce-fragment=\"1\"><\/iframe>[\/vc_column_text][\/vc_column][\/vc_row]<\/p>\n<\/div>","protected":false},"excerpt":{"rendered":"<p>Le 21 mars dernier, invit\u00e9s par l&rsquo;ATEP France, nous avons donn\u00e9 une conf\u00e9rence sur l&rsquo;impression en multichromie-impression RVB \u00e0 Paris. La conf\u00e9rence a fait salle comble, et le public qui y a assist\u00e9, dans son int\u00e9gralit\u00e9, techniciens et dirigeants du secteur \u00e9ditorial et de la publicit\u00e9 en France, a d\u00e9montr\u00e9 un grand int\u00e9r\u00eat avec un feed-back constant. La conf\u00e9rence a pr\u00e9sent\u00e9 la fa\u00e7on dont l&rsquo;impression en multichromie nous permet d&rsquo;aller au-del\u00e0 du spectre de reproduction standardis\u00e9 du CMJN. Et nous avons expliqu\u00e9 en d\u00e9tail le processus technique et de colorim\u00e9trie qui nous a conduit \u00e0 \u00eatre l&rsquo;un des imprimeurs pionniers dans sa mise en \u0153uvre dans l&rsquo;UE.<\/p>\n","protected":false},"author":1,"featured_media":8972,"comment_status":"closed","ping_status":"closed","sticky":false,"template":"","format":"standard","meta":{"footnotes":""},"categories":[687],"tags":[],"class_list":["post-14105","post","type-post","status-publish","format-standard","has-post-thumbnail","hentry","category-non-classifiee"],"yoast_head":"<!-- This site is optimized with the Yoast SEO plugin v27.4 - https:\/\/yoast.com\/product\/yoast-seo-wordpress\/ -->\n<title>Conf\u00e9rence ATE \u2013 Association des techniciens de l\u2019\u00e9dition et de la publicit\u00e9 &#8211; Agpograf Impressors<\/title>\n<meta name=\"robots\" content=\"index, follow, max-snippet:-1, max-image-preview:large, max-video-preview:-1\" \/>\n<link rel=\"canonical\" href=\"https:\/\/agpograf.com\/fr\/conference-ate-association-des-techniciens-de-ledition-et-de-la-publicite\/\" \/>\n<meta property=\"og:locale\" content=\"fr_FR\" \/>\n<meta property=\"og:type\" content=\"article\" \/>\n<meta property=\"og:title\" content=\"Conf\u00e9rence ATE \u2013 Association des techniciens de l\u2019\u00e9dition et de la publicit\u00e9 &#8211; Agpograf Impressors\" \/>\n<meta property=\"og:description\" content=\"Le 21 mars dernier, invit\u00e9s par l&#039;ATEP France, nous avons donn\u00e9 une conf\u00e9rence sur l&#039;impression en multichromie-impression RVB \u00e0 Paris. La conf\u00e9rence a fait salle comble, et le public qui y a assist\u00e9, dans son int\u00e9gralit\u00e9, techniciens et dirigeants du secteur \u00e9ditorial et de la publicit\u00e9 en France, a d\u00e9montr\u00e9 un grand int\u00e9r\u00eat avec un feed-back constant. La conf\u00e9rence a pr\u00e9sent\u00e9 la fa\u00e7on dont l&#039;impression en multichromie nous permet d&#039;aller au-del\u00e0 du spectre de reproduction standardis\u00e9 du CMJN. Et nous avons expliqu\u00e9 en d\u00e9tail le processus technique et de colorim\u00e9trie qui nous a conduit \u00e0 \u00eatre l&#039;un des imprimeurs pionniers dans sa mise en \u0153uvre dans l&#039;UE.\" \/>\n<meta property=\"og:url\" content=\"https:\/\/agpograf.com\/fr\/conference-ate-association-des-techniciens-de-ledition-et-de-la-publicite\/\" \/>\n<meta property=\"og:site_name\" content=\"Agpograf Impressors\" \/>\n<meta property=\"article:publisher\" content=\"https:\/\/www.facebook.com\/Agpograf\" \/>\n<meta property=\"article:published_time\" content=\"2018-05-10T10:00:17+00:00\" \/>\n<meta property=\"article:modified_time\" content=\"2022-11-15T10:06:09+00:00\" \/>\n<meta property=\"og:image\" content=\"https:\/\/agpograf.com\/wp-content\/uploads\/2019\/11\/ATEP-01.png\" \/>\n\t<meta property=\"og:image:width\" content=\"1000\" \/>\n\t<meta property=\"og:image:height\" content=\"667\" \/>\n\t<meta property=\"og:image:type\" content=\"image\/png\" \/>\n<meta name=\"author\" content=\"agpo2018\" \/>\n<meta name=\"twitter:card\" content=\"summary_large_image\" \/>\n<meta name=\"twitter:label1\" content=\"\u00c9crit par\" \/>\n\t<meta name=\"twitter:data1\" content=\"agpo2018\" \/>\n\t<meta name=\"twitter:label2\" content=\"Dur\u00e9e de lecture estim\u00e9e\" \/>\n\t<meta name=\"twitter:data2\" content=\"1 minute\" \/>\n<script type=\"application\/ld+json\" class=\"yoast-schema-graph\">{\"@context\":\"https:\\\/\\\/schema.org\",\"@graph\":[{\"@type\":\"Article\",\"@id\":\"https:\\\/\\\/agpograf.com\\\/fr\\\/conference-ate-association-des-techniciens-de-ledition-et-de-la-publicite\\\/#article\",\"isPartOf\":{\"@id\":\"https:\\\/\\\/agpograf.com\\\/fr\\\/conference-ate-association-des-techniciens-de-ledition-et-de-la-publicite\\\/\"},\"author\":{\"name\":\"agpo2018\",\"@id\":\"https:\\\/\\\/agpograf.com\\\/fr\\\/#\\\/schema\\\/person\\\/f970b231fa1e3883a254658ce2789d6a\"},\"headline\":\"Conf\u00e9rence ATE \u2013 Association des techniciens de l\u2019\u00e9dition et de la publicit\u00e9\",\"datePublished\":\"2018-05-10T10:00:17+00:00\",\"dateModified\":\"2022-11-15T10:06:09+00:00\",\"mainEntityOfPage\":{\"@id\":\"https:\\\/\\\/agpograf.com\\\/fr\\\/conference-ate-association-des-techniciens-de-ledition-et-de-la-publicite\\\/\"},\"wordCount\":363,\"publisher\":{\"@id\":\"https:\\\/\\\/agpograf.com\\\/fr\\\/#organization\"},\"image\":{\"@id\":\"https:\\\/\\\/agpograf.com\\\/fr\\\/conference-ate-association-des-techniciens-de-ledition-et-de-la-publicite\\\/#primaryimage\"},\"thumbnailUrl\":\"https:\\\/\\\/agpograf.com\\\/wp-content\\\/uploads\\\/2019\\\/11\\\/ATEP-01.png\",\"articleSection\":[\"Non classifi\u00e9(e)\"],\"inLanguage\":\"fr-FR\"},{\"@type\":\"WebPage\",\"@id\":\"https:\\\/\\\/agpograf.com\\\/fr\\\/conference-ate-association-des-techniciens-de-ledition-et-de-la-publicite\\\/\",\"url\":\"https:\\\/\\\/agpograf.com\\\/fr\\\/conference-ate-association-des-techniciens-de-ledition-et-de-la-publicite\\\/\",\"name\":\"Conf\u00e9rence ATE \u2013 Association des techniciens de l\u2019\u00e9dition et de la publicit\u00e9 &#8211; Agpograf Impressors\",\"isPartOf\":{\"@id\":\"https:\\\/\\\/agpograf.com\\\/fr\\\/#website\"},\"primaryImageOfPage\":{\"@id\":\"https:\\\/\\\/agpograf.com\\\/fr\\\/conference-ate-association-des-techniciens-de-ledition-et-de-la-publicite\\\/#primaryimage\"},\"image\":{\"@id\":\"https:\\\/\\\/agpograf.com\\\/fr\\\/conference-ate-association-des-techniciens-de-ledition-et-de-la-publicite\\\/#primaryimage\"},\"thumbnailUrl\":\"https:\\\/\\\/agpograf.com\\\/wp-content\\\/uploads\\\/2019\\\/11\\\/ATEP-01.png\",\"datePublished\":\"2018-05-10T10:00:17+00:00\",\"dateModified\":\"2022-11-15T10:06:09+00:00\",\"breadcrumb\":{\"@id\":\"https:\\\/\\\/agpograf.com\\\/fr\\\/conference-ate-association-des-techniciens-de-ledition-et-de-la-publicite\\\/#breadcrumb\"},\"inLanguage\":\"fr-FR\",\"potentialAction\":[{\"@type\":\"ReadAction\",\"target\":[\"https:\\\/\\\/agpograf.com\\\/fr\\\/conference-ate-association-des-techniciens-de-ledition-et-de-la-publicite\\\/\"]}]},{\"@type\":\"ImageObject\",\"inLanguage\":\"fr-FR\",\"@id\":\"https:\\\/\\\/agpograf.com\\\/fr\\\/conference-ate-association-des-techniciens-de-ledition-et-de-la-publicite\\\/#primaryimage\",\"url\":\"https:\\\/\\\/agpograf.com\\\/wp-content\\\/uploads\\\/2019\\\/11\\\/ATEP-01.png\",\"contentUrl\":\"https:\\\/\\\/agpograf.com\\\/wp-content\\\/uploads\\\/2019\\\/11\\\/ATEP-01.png\",\"width\":1000,\"height\":667},{\"@type\":\"BreadcrumbList\",\"@id\":\"https:\\\/\\\/agpograf.com\\\/fr\\\/conference-ate-association-des-techniciens-de-ledition-et-de-la-publicite\\\/#breadcrumb\",\"itemListElement\":[{\"@type\":\"ListItem\",\"position\":1,\"name\":\"Inici\",\"item\":\"https:\\\/\\\/agpograf.com\\\/fr\\\/\"},{\"@type\":\"ListItem\",\"position\":2,\"name\":\"Conf\u00e9rence ATE \u2013 Association des techniciens de l\u2019\u00e9dition et de la publicit\u00e9\"}]},{\"@type\":\"WebSite\",\"@id\":\"https:\\\/\\\/agpograf.com\\\/fr\\\/#website\",\"url\":\"https:\\\/\\\/agpograf.com\\\/fr\\\/\",\"name\":\"Agpograf Impressors\",\"description\":\"Printing your dreams\",\"publisher\":{\"@id\":\"https:\\\/\\\/agpograf.com\\\/fr\\\/#organization\"},\"potentialAction\":[{\"@type\":\"SearchAction\",\"target\":{\"@type\":\"EntryPoint\",\"urlTemplate\":\"https:\\\/\\\/agpograf.com\\\/fr\\\/?s={search_term_string}\"},\"query-input\":{\"@type\":\"PropertyValueSpecification\",\"valueRequired\":true,\"valueName\":\"search_term_string\"}}],\"inLanguage\":\"fr-FR\"},{\"@type\":\"Organization\",\"@id\":\"https:\\\/\\\/agpograf.com\\\/fr\\\/#organization\",\"name\":\"Agpograf Impressors\",\"url\":\"https:\\\/\\\/agpograf.com\\\/fr\\\/\",\"logo\":{\"@type\":\"ImageObject\",\"inLanguage\":\"fr-FR\",\"@id\":\"https:\\\/\\\/agpograf.com\\\/fr\\\/#\\\/schema\\\/logo\\\/image\\\/\",\"url\":\"https:\\\/\\\/www.agpograf.com\\\/wp-content\\\/uploads\\\/2020\\\/01\\\/Agpgoraf-Impressors-logo.png\",\"contentUrl\":\"https:\\\/\\\/www.agpograf.com\\\/wp-content\\\/uploads\\\/2020\\\/01\\\/Agpgoraf-Impressors-logo.png\",\"width\":601,\"height\":477,\"caption\":\"Agpograf Impressors\"},\"image\":{\"@id\":\"https:\\\/\\\/agpograf.com\\\/fr\\\/#\\\/schema\\\/logo\\\/image\\\/\"},\"sameAs\":[\"https:\\\/\\\/www.facebook.com\\\/Agpograf\",\"https:\\\/\\\/www.instagram.com\\\/agpograf_impressors\\\/\",\"https:\\\/\\\/www.linkedin.com\\\/company\\\/agpograf-impressors\\\/about\\\/\",\"https:\\\/\\\/www.youtube.com\\\/channel\\\/UC1vXUlhI2NeafCFLhfnrQXw\",\"https:\\\/\\\/www.behance.net\\\/agpografimpressors\"]},{\"@type\":\"Person\",\"@id\":\"https:\\\/\\\/agpograf.com\\\/fr\\\/#\\\/schema\\\/person\\\/f970b231fa1e3883a254658ce2789d6a\",\"name\":\"agpo2018\",\"image\":{\"@type\":\"ImageObject\",\"inLanguage\":\"fr-FR\",\"@id\":\"https:\\\/\\\/secure.gravatar.com\\\/avatar\\\/1b31af11b441709081e19a5258d29fcb920ae3249fa80c00a863bde3cf378dfb?s=96&d=mm&r=g\",\"url\":\"https:\\\/\\\/secure.gravatar.com\\\/avatar\\\/1b31af11b441709081e19a5258d29fcb920ae3249fa80c00a863bde3cf378dfb?s=96&d=mm&r=g\",\"contentUrl\":\"https:\\\/\\\/secure.gravatar.com\\\/avatar\\\/1b31af11b441709081e19a5258d29fcb920ae3249fa80c00a863bde3cf378dfb?s=96&d=mm&r=g\",\"caption\":\"agpo2018\"},\"url\":\"https:\\\/\\\/agpograf.com\\\/fr\\\/author\\\/agpo2018\\\/\"}]}<\/script>\n<!-- \/ Yoast SEO plugin. -->","yoast_head_json":{"title":"Conf\u00e9rence ATE \u2013 Association des techniciens de l\u2019\u00e9dition et de la publicit\u00e9 &#8211; Agpograf Impressors","robots":{"index":"index","follow":"follow","max-snippet":"max-snippet:-1","max-image-preview":"max-image-preview:large","max-video-preview":"max-video-preview:-1"},"canonical":"https:\/\/agpograf.com\/fr\/conference-ate-association-des-techniciens-de-ledition-et-de-la-publicite\/","og_locale":"fr_FR","og_type":"article","og_title":"Conf\u00e9rence ATE \u2013 Association des techniciens de l\u2019\u00e9dition et de la publicit\u00e9 &#8211; Agpograf Impressors","og_description":"Le 21 mars dernier, invit\u00e9s par l'ATEP France, nous avons donn\u00e9 une conf\u00e9rence sur l'impression en multichromie-impression RVB \u00e0 Paris. La conf\u00e9rence a fait salle comble, et le public qui y a assist\u00e9, dans son int\u00e9gralit\u00e9, techniciens et dirigeants du secteur \u00e9ditorial et de la publicit\u00e9 en France, a d\u00e9montr\u00e9 un grand int\u00e9r\u00eat avec un feed-back constant. La conf\u00e9rence a pr\u00e9sent\u00e9 la fa\u00e7on dont l'impression en multichromie nous permet d'aller au-del\u00e0 du spectre de reproduction standardis\u00e9 du CMJN. Et nous avons expliqu\u00e9 en d\u00e9tail le processus technique et de colorim\u00e9trie qui nous a conduit \u00e0 \u00eatre l'un des imprimeurs pionniers dans sa mise en \u0153uvre dans l'UE.","og_url":"https:\/\/agpograf.com\/fr\/conference-ate-association-des-techniciens-de-ledition-et-de-la-publicite\/","og_site_name":"Agpograf Impressors","article_publisher":"https:\/\/www.facebook.com\/Agpograf","article_published_time":"2018-05-10T10:00:17+00:00","article_modified_time":"2022-11-15T10:06:09+00:00","og_image":[{"width":1000,"height":667,"url":"https:\/\/agpograf.com\/wp-content\/uploads\/2019\/11\/ATEP-01.png","type":"image\/png"}],"author":"agpo2018","twitter_card":"summary_large_image","twitter_misc":{"\u00c9crit par":"agpo2018","Dur\u00e9e de lecture estim\u00e9e":"1 minute"},"schema":{"@context":"https:\/\/schema.org","@graph":[{"@type":"Article","@id":"https:\/\/agpograf.com\/fr\/conference-ate-association-des-techniciens-de-ledition-et-de-la-publicite\/#article","isPartOf":{"@id":"https:\/\/agpograf.com\/fr\/conference-ate-association-des-techniciens-de-ledition-et-de-la-publicite\/"},"author":{"name":"agpo2018","@id":"https:\/\/agpograf.com\/fr\/#\/schema\/person\/f970b231fa1e3883a254658ce2789d6a"},"headline":"Conf\u00e9rence ATE \u2013 Association des techniciens de l\u2019\u00e9dition et de la publicit\u00e9","datePublished":"2018-05-10T10:00:17+00:00","dateModified":"2022-11-15T10:06:09+00:00","mainEntityOfPage":{"@id":"https:\/\/agpograf.com\/fr\/conference-ate-association-des-techniciens-de-ledition-et-de-la-publicite\/"},"wordCount":363,"publisher":{"@id":"https:\/\/agpograf.com\/fr\/#organization"},"image":{"@id":"https:\/\/agpograf.com\/fr\/conference-ate-association-des-techniciens-de-ledition-et-de-la-publicite\/#primaryimage"},"thumbnailUrl":"https:\/\/agpograf.com\/wp-content\/uploads\/2019\/11\/ATEP-01.png","articleSection":["Non classifi\u00e9(e)"],"inLanguage":"fr-FR"},{"@type":"WebPage","@id":"https:\/\/agpograf.com\/fr\/conference-ate-association-des-techniciens-de-ledition-et-de-la-publicite\/","url":"https:\/\/agpograf.com\/fr\/conference-ate-association-des-techniciens-de-ledition-et-de-la-publicite\/","name":"Conf\u00e9rence ATE \u2013 Association des techniciens de l\u2019\u00e9dition et de la publicit\u00e9 &#8211; Agpograf Impressors","isPartOf":{"@id":"https:\/\/agpograf.com\/fr\/#website"},"primaryImageOfPage":{"@id":"https:\/\/agpograf.com\/fr\/conference-ate-association-des-techniciens-de-ledition-et-de-la-publicite\/#primaryimage"},"image":{"@id":"https:\/\/agpograf.com\/fr\/conference-ate-association-des-techniciens-de-ledition-et-de-la-publicite\/#primaryimage"},"thumbnailUrl":"https:\/\/agpograf.com\/wp-content\/uploads\/2019\/11\/ATEP-01.png","datePublished":"2018-05-10T10:00:17+00:00","dateModified":"2022-11-15T10:06:09+00:00","breadcrumb":{"@id":"https:\/\/agpograf.com\/fr\/conference-ate-association-des-techniciens-de-ledition-et-de-la-publicite\/#breadcrumb"},"inLanguage":"fr-FR","potentialAction":[{"@type":"ReadAction","target":["https:\/\/agpograf.com\/fr\/conference-ate-association-des-techniciens-de-ledition-et-de-la-publicite\/"]}]},{"@type":"ImageObject","inLanguage":"fr-FR","@id":"https:\/\/agpograf.com\/fr\/conference-ate-association-des-techniciens-de-ledition-et-de-la-publicite\/#primaryimage","url":"https:\/\/agpograf.com\/wp-content\/uploads\/2019\/11\/ATEP-01.png","contentUrl":"https:\/\/agpograf.com\/wp-content\/uploads\/2019\/11\/ATEP-01.png","width":1000,"height":667},{"@type":"BreadcrumbList","@id":"https:\/\/agpograf.com\/fr\/conference-ate-association-des-techniciens-de-ledition-et-de-la-publicite\/#breadcrumb","itemListElement":[{"@type":"ListItem","position":1,"name":"Inici","item":"https:\/\/agpograf.com\/fr\/"},{"@type":"ListItem","position":2,"name":"Conf\u00e9rence ATE \u2013 Association des techniciens de l\u2019\u00e9dition et de la publicit\u00e9"}]},{"@type":"WebSite","@id":"https:\/\/agpograf.com\/fr\/#website","url":"https:\/\/agpograf.com\/fr\/","name":"Agpograf Impressors","description":"Printing your dreams","publisher":{"@id":"https:\/\/agpograf.com\/fr\/#organization"},"potentialAction":[{"@type":"SearchAction","target":{"@type":"EntryPoint","urlTemplate":"https:\/\/agpograf.com\/fr\/?s={search_term_string}"},"query-input":{"@type":"PropertyValueSpecification","valueRequired":true,"valueName":"search_term_string"}}],"inLanguage":"fr-FR"},{"@type":"Organization","@id":"https:\/\/agpograf.com\/fr\/#organization","name":"Agpograf Impressors","url":"https:\/\/agpograf.com\/fr\/","logo":{"@type":"ImageObject","inLanguage":"fr-FR","@id":"https:\/\/agpograf.com\/fr\/#\/schema\/logo\/image\/","url":"https:\/\/www.agpograf.com\/wp-content\/uploads\/2020\/01\/Agpgoraf-Impressors-logo.png","contentUrl":"https:\/\/www.agpograf.com\/wp-content\/uploads\/2020\/01\/Agpgoraf-Impressors-logo.png","width":601,"height":477,"caption":"Agpograf Impressors"},"image":{"@id":"https:\/\/agpograf.com\/fr\/#\/schema\/logo\/image\/"},"sameAs":["https:\/\/www.facebook.com\/Agpograf","https:\/\/www.instagram.com\/agpograf_impressors\/","https:\/\/www.linkedin.com\/company\/agpograf-impressors\/about\/","https:\/\/www.youtube.com\/channel\/UC1vXUlhI2NeafCFLhfnrQXw","https:\/\/www.behance.net\/agpografimpressors"]},{"@type":"Person","@id":"https:\/\/agpograf.com\/fr\/#\/schema\/person\/f970b231fa1e3883a254658ce2789d6a","name":"agpo2018","image":{"@type":"ImageObject","inLanguage":"fr-FR","@id":"https:\/\/secure.gravatar.com\/avatar\/1b31af11b441709081e19a5258d29fcb920ae3249fa80c00a863bde3cf378dfb?s=96&d=mm&r=g","url":"https:\/\/secure.gravatar.com\/avatar\/1b31af11b441709081e19a5258d29fcb920ae3249fa80c00a863bde3cf378dfb?s=96&d=mm&r=g","contentUrl":"https:\/\/secure.gravatar.com\/avatar\/1b31af11b441709081e19a5258d29fcb920ae3249fa80c00a863bde3cf378dfb?s=96&d=mm&r=g","caption":"agpo2018"},"url":"https:\/\/agpograf.com\/fr\/author\/agpo2018\/"}]}},"_links":{"self":[{"href":"https:\/\/agpograf.com\/fr\/wp-json\/wp\/v2\/posts\/14105","targetHints":{"allow":["GET"]}}],"collection":[{"href":"https:\/\/agpograf.com\/fr\/wp-json\/wp\/v2\/posts"}],"about":[{"href":"https:\/\/agpograf.com\/fr\/wp-json\/wp\/v2\/types\/post"}],"author":[{"embeddable":true,"href":"https:\/\/agpograf.com\/fr\/wp-json\/wp\/v2\/users\/1"}],"replies":[{"embeddable":true,"href":"https:\/\/agpograf.com\/fr\/wp-json\/wp\/v2\/comments?post=14105"}],"version-history":[{"count":2,"href":"https:\/\/agpograf.com\/fr\/wp-json\/wp\/v2\/posts\/14105\/revisions"}],"predecessor-version":[{"id":14107,"href":"https:\/\/agpograf.com\/fr\/wp-json\/wp\/v2\/posts\/14105\/revisions\/14107"}],"wp:featuredmedia":[{"embeddable":true,"href":"https:\/\/agpograf.com\/fr\/wp-json\/wp\/v2\/media\/8972"}],"wp:attachment":[{"href":"https:\/\/agpograf.com\/fr\/wp-json\/wp\/v2\/media?parent=14105"}],"wp:term":[{"taxonomy":"category","embeddable":true,"href":"https:\/\/agpograf.com\/fr\/wp-json\/wp\/v2\/categories?post=14105"},{"taxonomy":"post_tag","embeddable":true,"href":"https:\/\/agpograf.com\/fr\/wp-json\/wp\/v2\/tags?post=14105"}],"curies":[{"name":"wp","href":"https:\/\/api.w.org\/{rel}","templated":true}]}}