{"id":16498,"date":"2023-07-04T09:00:29","date_gmt":"2023-07-04T07:00:29","guid":{"rendered":"https:\/\/agpograf.com\/?p=16498"},"modified":"2023-07-04T09:08:17","modified_gmt":"2023-07-04T07:08:17","slug":"manresa-una-geografia-espiritual-premi-adg-laus-2023-or","status":"publish","type":"post","link":"https:\/\/agpograf.com\/es\/manresa-una-geografia-espiritual-premi-adg-laus-2023-or\/","title":{"rendered":"Manresa. Una geograf\u00eda espiritual. Premio ADG Laus 2023 Oro"},"content":{"rendered":"<div class=\"wpb-content-wrapper\"><p>[vc_row css_animation=\u00bb\u00bb row_type=\u00bbrow\u00bb use_row_as_full_screen_section=\u00bbno\u00bb type=\u00bbfull_width\u00bb angled_section=\u00bbno\u00bb text_align=\u00bbleft\u00bb background_image_as_pattern=\u00bbwithout_pattern\u00bb][vc_column][vc_empty_space][vc_gallery interval=\u00bb3&#8243; images=\u00bb16486,11652,11649,11646,11643,11640,11637,11634,11628&#8243; img_size=\u00bblarge\u00bb onclick=\u00bb\u00bb][vc_empty_space height=\u00bb40px\u00bb][\/vc_column][\/vc_row][vc_row css_animation=\u00bb\u00bb row_type=\u00bbrow\u00bb use_row_as_full_screen_section=\u00bbno\u00bb type=\u00bbfull_width\u00bb angled_section=\u00bbno\u00bb text_align=\u00bbleft\u00bb background_image_as_pattern=\u00bbwithout_pattern\u00bb z_index=\u00bb\u00bb][vc_column][vc_column_text]Los <a href=\"https:\/\/www.adg-fad.org\/es\/laus\/proyecto\/manresa-manresa-hauptbahnhof\"><strong>Premios ADG Laus de Dise\u00f1o Gr\u00e1fico y Comunicaci\u00f3n Visual<\/strong><\/a> reconocen cada a\u00f1o los proyectos m\u00e1s destacados en el \u00e1mbito del dise\u00f1o y las artes gr\u00e1ficas, poniendo en el punto de mira la importancia cultural y econ\u00f3mica de este oficio en la sociedad.[\/vc_column_text][vc_empty_space height=\u00bb30px\u00bb][vc_column_text]En <strong>Agpograf<\/strong> damos valor a las artes gr\u00e1ficas y el dise\u00f1o, y a la trascendencia que tienen en nuestro entorno. Por eso, edici\u00f3n tras edici\u00f3n, apoyamos esta iniciativa participando en la impresi\u00f3n del Magabook, el libro que presenta los proyectos premiados del a\u00f1o.[\/vc_column_text][vc_empty_space height=\u00bb30px\u00bb][vc_column_text]El <strong>Magabook de ADG LAUS<\/strong> es un proyecto editorial cautivador. A nivel de imprenta, es un buen ejemplo para ilustrar el v\u00ednculo que debe existir entre el dise\u00f1o y la impresi\u00f3n para que un libro sea un \u00e9xito.[\/vc_column_text][vc_empty_space height=\u00bb30px\u00bb][vc_column_text]Esta edici\u00f3n 2023 nos sentimos especialmente afortunados, puesto que tambi\u00e9n hemos participado de un proyecto premiado con el Oro en la categor\u00eda de libro completo: <strong>Manresa. Una geograf\u00eda espiritual<\/strong>; dise\u00f1o a cargo de <strong>Bendita Gloria<\/strong>.[\/vc_column_text][vc_empty_space height=\u00bb30px\u00bb][vc_column_text]Publicado por la <strong>Editorial Tenov<\/strong>, este libro ofrece una interpretaci\u00f3n de la obra del artista alem\u00e1n Joseph Beuys, reconocido por sus performances y dedicado principalmente a la escultura. Beuys defend\u00eda apasionadamente el potencial curativo del arte y el poder de la creatividad humana.[\/vc_column_text][vc_empty_space height=\u00bb30px\u00bb][vc_column_text]Influenciado por el accidente a\u00e9reo que sufri\u00f3 durante la Segunda Guerra Mundial, el artista abandon\u00f3 el mundo militar para abarcar el \u00e1mbito espiritual del arte. De ah\u00ed nace MANRESA, una de sus performances m\u00edticas, realizada en la galer\u00eda Schmela de D\u00fcsseldorf.[\/vc_column_text][vc_empty_space height=\u00bb30px\u00bb][vc_column_text]El libro captura la esencia de su performance recuperando material in\u00e9dito y plantea una interpretaci\u00f3n de su obra a partir de los textos, im\u00e1genes, guiones y dibujos que utiliz\u00f3 en la preparaci\u00f3n.[\/vc_column_text][\/vc_column][\/vc_row][vc_row css_animation=\u00bb\u00bb row_type=\u00bbrow\u00bb use_row_as_full_screen_section=\u00bbno\u00bb type=\u00bbfull_width\u00bb angled_section=\u00bbno\u00bb text_align=\u00bbleft\u00bb background_image_as_pattern=\u00bbwithout_pattern\u00bb][vc_column][vc_empty_space height=\u00bb40px\u00bb][vc_column_text]<span style=\"color: #f05b40;\"><strong>Caracter\u00edsticas t\u00e9cnicas<\/strong><\/span>[\/vc_column_text][vc_empty_space height=\u00bb40px\u00bb][\/vc_column][\/vc_row][vc_row css_animation=\u00bb\u00bb row_type=\u00bbrow\u00bb use_row_as_full_screen_section=\u00bbno\u00bb type=\u00bbfull_width\u00bb angled_section=\u00bbno\u00bb text_align=\u00bbleft\u00bb background_image_as_pattern=\u00bbwithout_pattern\u00bb][vc_column][vc_column_text]<strong>Dise\u00f1o<\/strong><strong><br \/>\n<\/strong><a href=\"http:\/\/www.benditagloria.com\/\">Bendita Gloria<\/a>[\/vc_column_text][vc_empty_space height=\u00bb20px\u00bb][vc_column_text]<\/p>\n<p><strong>Formato<\/strong><strong><br \/>\n<\/strong>16,5 x 24,8 cm[\/vc_column_text][vc_empty_space height=\u00bb20px\u00bb][vc_column_text]<\/p>\n<p><strong>Impresi\u00f3n<\/strong><strong><br \/>\n<\/strong>Cubierta impresa a una tinta PANTONE<strong><br \/>\n<\/strong>Interior: LED UV a 4+4[\/vc_column_text][vc_empty_space height=\u00bb20px\u00bb][vc_column_text]<\/p>\n<p><strong>Papers<\/strong><\/p>\n<p>Cubierta: <a href=\"https:\/\/fedrigoniplus.com\/product\/sirio-color-gialloro\/\">Sirio Color Gialloro<\/a> (Fedrigoni Papers)<strong><br \/>\n<\/strong>Interior: Offset reciclado de 100 g. y <a href=\"https:\/\/www.arcticpaper.com\/brands\/munken\/munken-book-papers\/munken-print-cream\/\">Munken Print Cream 1.5<\/a> de 90 g. (Arctic Paper)[\/vc_column_text][vc_empty_space height=\u00bb20px\u00bb][vc_column_text]<\/p>\n<p><strong>Enquadernaci\u00f3n<\/strong><strong><br \/>\n<\/strong>Otabind<\/p>\n<p>[\/vc_column_text][vc_empty_space height=\u00bb40px\u00bb][\/vc_column][\/vc_row]<\/p>\n<\/div>","protected":false},"excerpt":{"rendered":"<p>En Agpograf damos valor a las artes gr\u00e1ficas y el dise\u00f1o. Este a\u00f1o, tenemos el honor de haber participado en un premiado en el Oro en los Premios Laus 2023.<\/p>\n","protected":false},"author":1,"featured_media":16486,"comment_status":"closed","ping_status":"closed","sticky":false,"template":"","format":"standard","meta":{"footnotes":""},"categories":[893],"tags":[],"class_list":["post-16498","post","type-post","status-publish","format-standard","has-post-thumbnail","hentry","category-blog-es-2"],"yoast_head":"<!-- This site is optimized with the Yoast SEO plugin v27.4 - https:\/\/yoast.com\/product\/yoast-seo-wordpress\/ -->\n<title>Manresa. Una geograf\u00eda espiritual. Premio ADG Laus 2023 Oro &#8211; Agpograf Impressors<\/title>\n<meta name=\"description\" content=\"En Agpograf damos valor a las artes gr\u00e1ficas y el dise\u00f1o. Este a\u00f1o, tenemos el honor de haber participado en un premiado en el Oro en los Premios Laus 2023.\" \/>\n<meta name=\"robots\" content=\"index, follow, max-snippet:-1, max-image-preview:large, max-video-preview:-1\" \/>\n<link rel=\"canonical\" href=\"https:\/\/agpograf.com\/es\/manresa-una-geografia-espiritual-premi-adg-laus-2023-or\/\" \/>\n<meta property=\"og:locale\" content=\"es_ES\" \/>\n<meta property=\"og:type\" content=\"article\" \/>\n<meta property=\"og:title\" content=\"Manresa. Una geograf\u00eda espiritual. Premio ADG Laus 2023 Oro &#8211; Agpograf Impressors\" \/>\n<meta property=\"og:description\" content=\"En Agpograf damos valor a las artes gr\u00e1ficas y el dise\u00f1o. Este a\u00f1o, tenemos el honor de haber participado en un premiado en el Oro en los Premios Laus 2023.\" \/>\n<meta property=\"og:url\" content=\"https:\/\/agpograf.com\/es\/manresa-una-geografia-espiritual-premi-adg-laus-2023-or\/\" \/>\n<meta property=\"og:site_name\" content=\"Agpograf Impressors\" \/>\n<meta property=\"article:publisher\" content=\"https:\/\/www.facebook.com\/Agpograf\" \/>\n<meta property=\"article:published_time\" content=\"2023-07-04T07:00:29+00:00\" \/>\n<meta property=\"article:modified_time\" content=\"2023-07-04T07:08:17+00:00\" \/>\n<meta property=\"og:image\" content=\"https:\/\/agpograf.com\/wp-content\/uploads\/2023\/07\/02-Una-geografia-espiritual-Editorial-Tenov.jpg\" \/>\n\t<meta property=\"og:image:width\" content=\"1500\" \/>\n\t<meta property=\"og:image:height\" content=\"1000\" \/>\n\t<meta property=\"og:image:type\" content=\"image\/jpeg\" \/>\n<meta name=\"author\" content=\"agpo2018\" \/>\n<meta name=\"twitter:card\" content=\"summary_large_image\" \/>\n<meta name=\"twitter:label1\" content=\"Escrito por\" \/>\n\t<meta name=\"twitter:data1\" content=\"agpo2018\" \/>\n\t<meta name=\"twitter:label2\" content=\"Tiempo de lectura\" \/>\n\t<meta name=\"twitter:data2\" content=\"3 minutos\" \/>\n<script type=\"application\/ld+json\" class=\"yoast-schema-graph\">{\"@context\":\"https:\\\/\\\/schema.org\",\"@graph\":[{\"@type\":\"Article\",\"@id\":\"https:\\\/\\\/agpograf.com\\\/es\\\/manresa-una-geografia-espiritual-premi-adg-laus-2023-or\\\/#article\",\"isPartOf\":{\"@id\":\"https:\\\/\\\/agpograf.com\\\/es\\\/manresa-una-geografia-espiritual-premi-adg-laus-2023-or\\\/\"},\"author\":{\"name\":\"agpo2018\",\"@id\":\"https:\\\/\\\/agpograf.com\\\/es\\\/#\\\/schema\\\/person\\\/f970b231fa1e3883a254658ce2789d6a\"},\"headline\":\"Manresa. Una geograf\u00eda espiritual. Premio ADG Laus 2023 Oro\",\"datePublished\":\"2023-07-04T07:00:29+00:00\",\"dateModified\":\"2023-07-04T07:08:17+00:00\",\"mainEntityOfPage\":{\"@id\":\"https:\\\/\\\/agpograf.com\\\/es\\\/manresa-una-geografia-espiritual-premi-adg-laus-2023-or\\\/\"},\"wordCount\":663,\"publisher\":{\"@id\":\"https:\\\/\\\/agpograf.com\\\/es\\\/#organization\"},\"image\":{\"@id\":\"https:\\\/\\\/agpograf.com\\\/es\\\/manresa-una-geografia-espiritual-premi-adg-laus-2023-or\\\/#primaryimage\"},\"thumbnailUrl\":\"https:\\\/\\\/agpograf.com\\\/wp-content\\\/uploads\\\/2023\\\/07\\\/02-Una-geografia-espiritual-Editorial-Tenov.jpg\",\"articleSection\":[\"blog\"],\"inLanguage\":\"es\"},{\"@type\":\"WebPage\",\"@id\":\"https:\\\/\\\/agpograf.com\\\/es\\\/manresa-una-geografia-espiritual-premi-adg-laus-2023-or\\\/\",\"url\":\"https:\\\/\\\/agpograf.com\\\/es\\\/manresa-una-geografia-espiritual-premi-adg-laus-2023-or\\\/\",\"name\":\"Manresa. Una geograf\u00eda espiritual. Premio ADG Laus 2023 Oro &#8211; Agpograf Impressors\",\"isPartOf\":{\"@id\":\"https:\\\/\\\/agpograf.com\\\/es\\\/#website\"},\"primaryImageOfPage\":{\"@id\":\"https:\\\/\\\/agpograf.com\\\/es\\\/manresa-una-geografia-espiritual-premi-adg-laus-2023-or\\\/#primaryimage\"},\"image\":{\"@id\":\"https:\\\/\\\/agpograf.com\\\/es\\\/manresa-una-geografia-espiritual-premi-adg-laus-2023-or\\\/#primaryimage\"},\"thumbnailUrl\":\"https:\\\/\\\/agpograf.com\\\/wp-content\\\/uploads\\\/2023\\\/07\\\/02-Una-geografia-espiritual-Editorial-Tenov.jpg\",\"datePublished\":\"2023-07-04T07:00:29+00:00\",\"dateModified\":\"2023-07-04T07:08:17+00:00\",\"description\":\"En Agpograf damos valor a las artes gr\u00e1ficas y el dise\u00f1o. Este a\u00f1o, tenemos el honor de haber participado en un premiado en el Oro en los Premios Laus 2023.\",\"breadcrumb\":{\"@id\":\"https:\\\/\\\/agpograf.com\\\/es\\\/manresa-una-geografia-espiritual-premi-adg-laus-2023-or\\\/#breadcrumb\"},\"inLanguage\":\"es\",\"potentialAction\":[{\"@type\":\"ReadAction\",\"target\":[\"https:\\\/\\\/agpograf.com\\\/es\\\/manresa-una-geografia-espiritual-premi-adg-laus-2023-or\\\/\"]}]},{\"@type\":\"ImageObject\",\"inLanguage\":\"es\",\"@id\":\"https:\\\/\\\/agpograf.com\\\/es\\\/manresa-una-geografia-espiritual-premi-adg-laus-2023-or\\\/#primaryimage\",\"url\":\"https:\\\/\\\/agpograf.com\\\/wp-content\\\/uploads\\\/2023\\\/07\\\/02-Una-geografia-espiritual-Editorial-Tenov.jpg\",\"contentUrl\":\"https:\\\/\\\/agpograf.com\\\/wp-content\\\/uploads\\\/2023\\\/07\\\/02-Una-geografia-espiritual-Editorial-Tenov.jpg\",\"width\":1500,\"height\":1000},{\"@type\":\"BreadcrumbList\",\"@id\":\"https:\\\/\\\/agpograf.com\\\/es\\\/manresa-una-geografia-espiritual-premi-adg-laus-2023-or\\\/#breadcrumb\",\"itemListElement\":[{\"@type\":\"ListItem\",\"position\":1,\"name\":\"Inici\",\"item\":\"https:\\\/\\\/agpograf.com\\\/es\\\/\"},{\"@type\":\"ListItem\",\"position\":2,\"name\":\"Manresa. Una geograf\u00eda espiritual. Premio ADG Laus 2023 Oro\"}]},{\"@type\":\"WebSite\",\"@id\":\"https:\\\/\\\/agpograf.com\\\/es\\\/#website\",\"url\":\"https:\\\/\\\/agpograf.com\\\/es\\\/\",\"name\":\"Agpograf Impressors\",\"description\":\"Printing your dreams\",\"publisher\":{\"@id\":\"https:\\\/\\\/agpograf.com\\\/es\\\/#organization\"},\"potentialAction\":[{\"@type\":\"SearchAction\",\"target\":{\"@type\":\"EntryPoint\",\"urlTemplate\":\"https:\\\/\\\/agpograf.com\\\/es\\\/?s={search_term_string}\"},\"query-input\":{\"@type\":\"PropertyValueSpecification\",\"valueRequired\":true,\"valueName\":\"search_term_string\"}}],\"inLanguage\":\"es\"},{\"@type\":\"Organization\",\"@id\":\"https:\\\/\\\/agpograf.com\\\/es\\\/#organization\",\"name\":\"Agpograf Impressors\",\"url\":\"https:\\\/\\\/agpograf.com\\\/es\\\/\",\"logo\":{\"@type\":\"ImageObject\",\"inLanguage\":\"es\",\"@id\":\"https:\\\/\\\/agpograf.com\\\/es\\\/#\\\/schema\\\/logo\\\/image\\\/\",\"url\":\"https:\\\/\\\/www.agpograf.com\\\/wp-content\\\/uploads\\\/2020\\\/01\\\/Agpgoraf-Impressors-logo.png\",\"contentUrl\":\"https:\\\/\\\/www.agpograf.com\\\/wp-content\\\/uploads\\\/2020\\\/01\\\/Agpgoraf-Impressors-logo.png\",\"width\":601,\"height\":477,\"caption\":\"Agpograf Impressors\"},\"image\":{\"@id\":\"https:\\\/\\\/agpograf.com\\\/es\\\/#\\\/schema\\\/logo\\\/image\\\/\"},\"sameAs\":[\"https:\\\/\\\/www.facebook.com\\\/Agpograf\",\"https:\\\/\\\/www.instagram.com\\\/agpograf_impressors\\\/\",\"https:\\\/\\\/www.linkedin.com\\\/company\\\/agpograf-impressors\\\/about\\\/\",\"https:\\\/\\\/www.youtube.com\\\/channel\\\/UC1vXUlhI2NeafCFLhfnrQXw\",\"https:\\\/\\\/www.behance.net\\\/agpografimpressors\"]},{\"@type\":\"Person\",\"@id\":\"https:\\\/\\\/agpograf.com\\\/es\\\/#\\\/schema\\\/person\\\/f970b231fa1e3883a254658ce2789d6a\",\"name\":\"agpo2018\",\"image\":{\"@type\":\"ImageObject\",\"inLanguage\":\"es\",\"@id\":\"https:\\\/\\\/secure.gravatar.com\\\/avatar\\\/1b31af11b441709081e19a5258d29fcb920ae3249fa80c00a863bde3cf378dfb?s=96&d=mm&r=g\",\"url\":\"https:\\\/\\\/secure.gravatar.com\\\/avatar\\\/1b31af11b441709081e19a5258d29fcb920ae3249fa80c00a863bde3cf378dfb?s=96&d=mm&r=g\",\"contentUrl\":\"https:\\\/\\\/secure.gravatar.com\\\/avatar\\\/1b31af11b441709081e19a5258d29fcb920ae3249fa80c00a863bde3cf378dfb?s=96&d=mm&r=g\",\"caption\":\"agpo2018\"},\"url\":\"https:\\\/\\\/agpograf.com\\\/es\\\/author\\\/agpo2018\\\/\"}]}<\/script>\n<!-- \/ Yoast SEO plugin. -->","yoast_head_json":{"title":"Manresa. Una geograf\u00eda espiritual. Premio ADG Laus 2023 Oro &#8211; Agpograf Impressors","description":"En Agpograf damos valor a las artes gr\u00e1ficas y el dise\u00f1o. Este a\u00f1o, tenemos el honor de haber participado en un premiado en el Oro en los Premios Laus 2023.","robots":{"index":"index","follow":"follow","max-snippet":"max-snippet:-1","max-image-preview":"max-image-preview:large","max-video-preview":"max-video-preview:-1"},"canonical":"https:\/\/agpograf.com\/es\/manresa-una-geografia-espiritual-premi-adg-laus-2023-or\/","og_locale":"es_ES","og_type":"article","og_title":"Manresa. Una geograf\u00eda espiritual. Premio ADG Laus 2023 Oro &#8211; Agpograf Impressors","og_description":"En Agpograf damos valor a las artes gr\u00e1ficas y el dise\u00f1o. Este a\u00f1o, tenemos el honor de haber participado en un premiado en el Oro en los Premios Laus 2023.","og_url":"https:\/\/agpograf.com\/es\/manresa-una-geografia-espiritual-premi-adg-laus-2023-or\/","og_site_name":"Agpograf Impressors","article_publisher":"https:\/\/www.facebook.com\/Agpograf","article_published_time":"2023-07-04T07:00:29+00:00","article_modified_time":"2023-07-04T07:08:17+00:00","og_image":[{"width":1500,"height":1000,"url":"https:\/\/agpograf.com\/wp-content\/uploads\/2023\/07\/02-Una-geografia-espiritual-Editorial-Tenov.jpg","type":"image\/jpeg"}],"author":"agpo2018","twitter_card":"summary_large_image","twitter_misc":{"Escrito por":"agpo2018","Tiempo de lectura":"3 minutos"},"schema":{"@context":"https:\/\/schema.org","@graph":[{"@type":"Article","@id":"https:\/\/agpograf.com\/es\/manresa-una-geografia-espiritual-premi-adg-laus-2023-or\/#article","isPartOf":{"@id":"https:\/\/agpograf.com\/es\/manresa-una-geografia-espiritual-premi-adg-laus-2023-or\/"},"author":{"name":"agpo2018","@id":"https:\/\/agpograf.com\/es\/#\/schema\/person\/f970b231fa1e3883a254658ce2789d6a"},"headline":"Manresa. Una geograf\u00eda espiritual. Premio ADG Laus 2023 Oro","datePublished":"2023-07-04T07:00:29+00:00","dateModified":"2023-07-04T07:08:17+00:00","mainEntityOfPage":{"@id":"https:\/\/agpograf.com\/es\/manresa-una-geografia-espiritual-premi-adg-laus-2023-or\/"},"wordCount":663,"publisher":{"@id":"https:\/\/agpograf.com\/es\/#organization"},"image":{"@id":"https:\/\/agpograf.com\/es\/manresa-una-geografia-espiritual-premi-adg-laus-2023-or\/#primaryimage"},"thumbnailUrl":"https:\/\/agpograf.com\/wp-content\/uploads\/2023\/07\/02-Una-geografia-espiritual-Editorial-Tenov.jpg","articleSection":["blog"],"inLanguage":"es"},{"@type":"WebPage","@id":"https:\/\/agpograf.com\/es\/manresa-una-geografia-espiritual-premi-adg-laus-2023-or\/","url":"https:\/\/agpograf.com\/es\/manresa-una-geografia-espiritual-premi-adg-laus-2023-or\/","name":"Manresa. Una geograf\u00eda espiritual. Premio ADG Laus 2023 Oro &#8211; Agpograf Impressors","isPartOf":{"@id":"https:\/\/agpograf.com\/es\/#website"},"primaryImageOfPage":{"@id":"https:\/\/agpograf.com\/es\/manresa-una-geografia-espiritual-premi-adg-laus-2023-or\/#primaryimage"},"image":{"@id":"https:\/\/agpograf.com\/es\/manresa-una-geografia-espiritual-premi-adg-laus-2023-or\/#primaryimage"},"thumbnailUrl":"https:\/\/agpograf.com\/wp-content\/uploads\/2023\/07\/02-Una-geografia-espiritual-Editorial-Tenov.jpg","datePublished":"2023-07-04T07:00:29+00:00","dateModified":"2023-07-04T07:08:17+00:00","description":"En Agpograf damos valor a las artes gr\u00e1ficas y el dise\u00f1o. Este a\u00f1o, tenemos el honor de haber participado en un premiado en el Oro en los Premios Laus 2023.","breadcrumb":{"@id":"https:\/\/agpograf.com\/es\/manresa-una-geografia-espiritual-premi-adg-laus-2023-or\/#breadcrumb"},"inLanguage":"es","potentialAction":[{"@type":"ReadAction","target":["https:\/\/agpograf.com\/es\/manresa-una-geografia-espiritual-premi-adg-laus-2023-or\/"]}]},{"@type":"ImageObject","inLanguage":"es","@id":"https:\/\/agpograf.com\/es\/manresa-una-geografia-espiritual-premi-adg-laus-2023-or\/#primaryimage","url":"https:\/\/agpograf.com\/wp-content\/uploads\/2023\/07\/02-Una-geografia-espiritual-Editorial-Tenov.jpg","contentUrl":"https:\/\/agpograf.com\/wp-content\/uploads\/2023\/07\/02-Una-geografia-espiritual-Editorial-Tenov.jpg","width":1500,"height":1000},{"@type":"BreadcrumbList","@id":"https:\/\/agpograf.com\/es\/manresa-una-geografia-espiritual-premi-adg-laus-2023-or\/#breadcrumb","itemListElement":[{"@type":"ListItem","position":1,"name":"Inici","item":"https:\/\/agpograf.com\/es\/"},{"@type":"ListItem","position":2,"name":"Manresa. Una geograf\u00eda espiritual. Premio ADG Laus 2023 Oro"}]},{"@type":"WebSite","@id":"https:\/\/agpograf.com\/es\/#website","url":"https:\/\/agpograf.com\/es\/","name":"Agpograf Impressors","description":"Printing your dreams","publisher":{"@id":"https:\/\/agpograf.com\/es\/#organization"},"potentialAction":[{"@type":"SearchAction","target":{"@type":"EntryPoint","urlTemplate":"https:\/\/agpograf.com\/es\/?s={search_term_string}"},"query-input":{"@type":"PropertyValueSpecification","valueRequired":true,"valueName":"search_term_string"}}],"inLanguage":"es"},{"@type":"Organization","@id":"https:\/\/agpograf.com\/es\/#organization","name":"Agpograf Impressors","url":"https:\/\/agpograf.com\/es\/","logo":{"@type":"ImageObject","inLanguage":"es","@id":"https:\/\/agpograf.com\/es\/#\/schema\/logo\/image\/","url":"https:\/\/www.agpograf.com\/wp-content\/uploads\/2020\/01\/Agpgoraf-Impressors-logo.png","contentUrl":"https:\/\/www.agpograf.com\/wp-content\/uploads\/2020\/01\/Agpgoraf-Impressors-logo.png","width":601,"height":477,"caption":"Agpograf Impressors"},"image":{"@id":"https:\/\/agpograf.com\/es\/#\/schema\/logo\/image\/"},"sameAs":["https:\/\/www.facebook.com\/Agpograf","https:\/\/www.instagram.com\/agpograf_impressors\/","https:\/\/www.linkedin.com\/company\/agpograf-impressors\/about\/","https:\/\/www.youtube.com\/channel\/UC1vXUlhI2NeafCFLhfnrQXw","https:\/\/www.behance.net\/agpografimpressors"]},{"@type":"Person","@id":"https:\/\/agpograf.com\/es\/#\/schema\/person\/f970b231fa1e3883a254658ce2789d6a","name":"agpo2018","image":{"@type":"ImageObject","inLanguage":"es","@id":"https:\/\/secure.gravatar.com\/avatar\/1b31af11b441709081e19a5258d29fcb920ae3249fa80c00a863bde3cf378dfb?s=96&d=mm&r=g","url":"https:\/\/secure.gravatar.com\/avatar\/1b31af11b441709081e19a5258d29fcb920ae3249fa80c00a863bde3cf378dfb?s=96&d=mm&r=g","contentUrl":"https:\/\/secure.gravatar.com\/avatar\/1b31af11b441709081e19a5258d29fcb920ae3249fa80c00a863bde3cf378dfb?s=96&d=mm&r=g","caption":"agpo2018"},"url":"https:\/\/agpograf.com\/es\/author\/agpo2018\/"}]}},"_links":{"self":[{"href":"https:\/\/agpograf.com\/es\/wp-json\/wp\/v2\/posts\/16498","targetHints":{"allow":["GET"]}}],"collection":[{"href":"https:\/\/agpograf.com\/es\/wp-json\/wp\/v2\/posts"}],"about":[{"href":"https:\/\/agpograf.com\/es\/wp-json\/wp\/v2\/types\/post"}],"author":[{"embeddable":true,"href":"https:\/\/agpograf.com\/es\/wp-json\/wp\/v2\/users\/1"}],"replies":[{"embeddable":true,"href":"https:\/\/agpograf.com\/es\/wp-json\/wp\/v2\/comments?post=16498"}],"version-history":[{"count":5,"href":"https:\/\/agpograf.com\/es\/wp-json\/wp\/v2\/posts\/16498\/revisions"}],"predecessor-version":[{"id":16513,"href":"https:\/\/agpograf.com\/es\/wp-json\/wp\/v2\/posts\/16498\/revisions\/16513"}],"wp:featuredmedia":[{"embeddable":true,"href":"https:\/\/agpograf.com\/es\/wp-json\/wp\/v2\/media\/16486"}],"wp:attachment":[{"href":"https:\/\/agpograf.com\/es\/wp-json\/wp\/v2\/media?parent=16498"}],"wp:term":[{"taxonomy":"category","embeddable":true,"href":"https:\/\/agpograf.com\/es\/wp-json\/wp\/v2\/categories?post=16498"},{"taxonomy":"post_tag","embeddable":true,"href":"https:\/\/agpograf.com\/es\/wp-json\/wp\/v2\/tags?post=16498"}],"curies":[{"name":"wp","href":"https:\/\/api.w.org\/{rel}","templated":true}]}}