{"id":15182,"date":"2022-12-14T11:38:40","date_gmt":"2022-12-14T09:38:40","guid":{"rendered":"https:\/\/agpograf.com\/adg-magabook-laus-2022-el-llibre-de-les-criatures-fantastiques\/"},"modified":"2022-12-14T12:56:42","modified_gmt":"2022-12-14T10:56:42","slug":"adg-magabook-laus-2022-el-llibre-de-les-criatures-fantastiques","status":"publish","type":"post","link":"https:\/\/agpograf.com\/es\/adg-magabook-laus-2022-el-llibre-de-les-criatures-fantastiques\/","title":{"rendered":"ADG Magabook Laus 2022 &#8211; \u00abEl libro de las criaturas fant\u00e1sticas\u00bb"},"content":{"rendered":"<div class=\"wpb-content-wrapper\"><p>[vc_row css_animation=\u00bb\u00bb row_type=\u00bbrow\u00bb use_row_as_full_screen_section=\u00bbno\u00bb type=\u00bbfull_width\u00bb angled_section=\u00bbno\u00bb text_align=\u00bbleft\u00bb background_image_as_pattern=\u00bbwithout_pattern\u00bb][vc_column][vc_empty_space][vc_gallery interval=\u00bb3&#8243; images=\u00bb15142,15146,15150,15154,15158,15162,15166,15170,15174,15178&#8243; img_size=\u00bblarge\u00bb onclick=\u00bb\u00bb][vc_empty_space height=\u00bb20px\u00bb][\/vc_column][\/vc_row][vc_row css_animation=\u00bb\u00bb row_type=\u00bbrow\u00bb use_row_as_full_screen_section=\u00bbno\u00bb type=\u00bbfull_width\u00bb angled_section=\u00bbno\u00bb text_align=\u00bbleft\u00bb background_image_as_pattern=\u00bbwithout_pattern\u00bb z_index=\u00bb\u00bb][vc_column][vc_column_text]Un a\u00f1o m\u00e1s, hemos colaborado con la impresi\u00f3n del libro de los premios ADG Laus. Un t\u00edtulo que hace un reconocimiento al sector de las artes gr\u00e1ficas, y en concreto al trabajo que realizan los dise\u00f1adores\/as gr\u00e1ficas que siempre ayudan a interpelar al receptor y provocar un momento de reflexi\u00f3n al admirar sus obras.<\/p>\n<p>La publicaci\u00f3n, que recoge los 335 proyectos primados por el jurado, tambi\u00e9n incluye entrevistas y diversos contenidos como el Laus de Honor que ha recibido Pati N\u00fa\u00f1ez, para dar reconocimiento a los dise\u00f1adores\/as y empresas en su trayectoria profesional.<\/p>\n<p>El Magabook ADG Laus 2022, ha sido dise\u00f1ado por Guirardo Estudi de Disseny. Un estudio familiar que se ha ido abriendo paso hasta recibir este encargo. El proceso de conceptualizaci\u00f3n fue la parte m\u00e1s pesada para el estudio, ya que no quer\u00edan hacer un libro donde se\u00f1alaran a los premiados, sino que quer\u00edan dotar al libro de alma y quer\u00edan descubrir las partes de la que est\u00e1n compuestos estos artistas.<\/p>\n<p>El libro combina las t\u00e9cnicas de impresi\u00f3n offset convencional y offset LED UV, para dotarlo de unos buenos acabados. Tiene un encuadernado tapa dura, para conseguir crear una pieza cl\u00e1sica en el buen sentido, y con una lectura c\u00f3moda.<\/p>\n<p>Para saber m\u00e1s de este proyecto os dejamos una<a href=\"https:\/\/www.adg-fad.org\/es\/news\/el-libro-de-las-criaturas-fantasticas\" target=\"_blank\" rel=\"noopener\"> entrevista<\/a> realizada por ADG FAD en Guirardo Estudi de Disseny.[\/vc_column_text][vc_empty_space height=\u00bb40px\u00bb][\/vc_column][\/vc_row]<\/p>\n<\/div>","protected":false},"excerpt":{"rendered":"<p>Un a\u00f1o m\u00e1s, hemos colaborado con la impresi\u00f3n del libro de los premios ADG Laus. Un t\u00edtulo que hace un reconocimiento al sector de las artes gr\u00e1ficas, y en concreto al trabajo que realizan los dise\u00f1adores\/as gr\u00e1ficas que siempre ayudan a interpelar al receptor y provocar un momento de reflexi\u00f3n al admirar sus obras.<\/p>\n","protected":false},"author":1,"featured_media":15138,"comment_status":"closed","ping_status":"closed","sticky":false,"template":"","format":"standard","meta":{"footnotes":""},"categories":[752],"tags":[],"class_list":["post-15182","post","type-post","status-publish","format-standard","has-post-thumbnail","hentry","category-impressio-es"],"yoast_head":"<!-- This site is optimized with the Yoast SEO plugin v27.4 - https:\/\/yoast.com\/product\/yoast-seo-wordpress\/ -->\n<title>ADG Magabook Laus 2022 - &quot;El libro de las criaturas fant\u00e1sticas&quot; &#8211; Agpograf Impressors<\/title>\n<meta name=\"description\" content=\"Un a\u00f1o m\u00e1s, hemos colaborado con la impresi\u00f3n del libro de los premios ADG Laus\" \/>\n<meta name=\"robots\" content=\"index, follow, max-snippet:-1, max-image-preview:large, max-video-preview:-1\" \/>\n<link rel=\"canonical\" href=\"https:\/\/agpograf.com\/es\/adg-magabook-laus-2022-el-llibre-de-les-criatures-fantastiques\/\" \/>\n<meta property=\"og:locale\" content=\"es_ES\" \/>\n<meta property=\"og:type\" content=\"article\" \/>\n<meta property=\"og:title\" content=\"ADG Magabook Laus 2022 - &quot;El libro de las criaturas fant\u00e1sticas&quot; &#8211; Agpograf Impressors\" \/>\n<meta property=\"og:description\" content=\"Un a\u00f1o m\u00e1s, hemos colaborado con la impresi\u00f3n del libro de los premios ADG Laus\" \/>\n<meta property=\"og:url\" content=\"https:\/\/agpograf.com\/es\/adg-magabook-laus-2022-el-llibre-de-les-criatures-fantastiques\/\" \/>\n<meta property=\"og:site_name\" content=\"Agpograf Impressors\" \/>\n<meta property=\"article:publisher\" content=\"https:\/\/www.facebook.com\/Agpograf\" \/>\n<meta property=\"article:published_time\" content=\"2022-12-14T09:38:40+00:00\" \/>\n<meta property=\"article:modified_time\" content=\"2022-12-14T10:56:42+00:00\" \/>\n<meta property=\"og:image\" content=\"https:\/\/agpograf.com\/wp-content\/uploads\/2022\/12\/Laus-1024x682.png\" \/>\n\t<meta property=\"og:image:width\" content=\"1024\" \/>\n\t<meta property=\"og:image:height\" content=\"682\" \/>\n\t<meta property=\"og:image:type\" content=\"image\/png\" \/>\n<meta name=\"author\" content=\"agpo2018\" \/>\n<meta name=\"twitter:card\" content=\"summary_large_image\" \/>\n<meta name=\"twitter:label1\" content=\"Escrito por\" \/>\n\t<meta name=\"twitter:data1\" content=\"agpo2018\" \/>\n\t<meta name=\"twitter:label2\" content=\"Tiempo de lectura\" \/>\n\t<meta name=\"twitter:data2\" content=\"2 minutos\" \/>\n<script type=\"application\/ld+json\" class=\"yoast-schema-graph\">{\"@context\":\"https:\\\/\\\/schema.org\",\"@graph\":[{\"@type\":\"Article\",\"@id\":\"https:\\\/\\\/agpograf.com\\\/es\\\/adg-magabook-laus-2022-el-llibre-de-les-criatures-fantastiques\\\/#article\",\"isPartOf\":{\"@id\":\"https:\\\/\\\/agpograf.com\\\/es\\\/adg-magabook-laus-2022-el-llibre-de-les-criatures-fantastiques\\\/\"},\"author\":{\"name\":\"agpo2018\",\"@id\":\"https:\\\/\\\/agpograf.com\\\/es\\\/#\\\/schema\\\/person\\\/f970b231fa1e3883a254658ce2789d6a\"},\"headline\":\"ADG Magabook Laus 2022 &#8211; \u00abEl libro de las criaturas fant\u00e1sticas\u00bb\",\"datePublished\":\"2022-12-14T09:38:40+00:00\",\"dateModified\":\"2022-12-14T10:56:42+00:00\",\"mainEntityOfPage\":{\"@id\":\"https:\\\/\\\/agpograf.com\\\/es\\\/adg-magabook-laus-2022-el-llibre-de-les-criatures-fantastiques\\\/\"},\"wordCount\":356,\"publisher\":{\"@id\":\"https:\\\/\\\/agpograf.com\\\/es\\\/#organization\"},\"image\":{\"@id\":\"https:\\\/\\\/agpograf.com\\\/es\\\/adg-magabook-laus-2022-el-llibre-de-les-criatures-fantastiques\\\/#primaryimage\"},\"thumbnailUrl\":\"https:\\\/\\\/agpograf.com\\\/wp-content\\\/uploads\\\/2022\\\/12\\\/Laus.png\",\"articleSection\":[\"Impressi\u00f3\"],\"inLanguage\":\"es\"},{\"@type\":\"WebPage\",\"@id\":\"https:\\\/\\\/agpograf.com\\\/es\\\/adg-magabook-laus-2022-el-llibre-de-les-criatures-fantastiques\\\/\",\"url\":\"https:\\\/\\\/agpograf.com\\\/es\\\/adg-magabook-laus-2022-el-llibre-de-les-criatures-fantastiques\\\/\",\"name\":\"ADG Magabook Laus 2022 - \\\"El libro de las criaturas fant\u00e1sticas\\\" &#8211; Agpograf Impressors\",\"isPartOf\":{\"@id\":\"https:\\\/\\\/agpograf.com\\\/es\\\/#website\"},\"primaryImageOfPage\":{\"@id\":\"https:\\\/\\\/agpograf.com\\\/es\\\/adg-magabook-laus-2022-el-llibre-de-les-criatures-fantastiques\\\/#primaryimage\"},\"image\":{\"@id\":\"https:\\\/\\\/agpograf.com\\\/es\\\/adg-magabook-laus-2022-el-llibre-de-les-criatures-fantastiques\\\/#primaryimage\"},\"thumbnailUrl\":\"https:\\\/\\\/agpograf.com\\\/wp-content\\\/uploads\\\/2022\\\/12\\\/Laus.png\",\"datePublished\":\"2022-12-14T09:38:40+00:00\",\"dateModified\":\"2022-12-14T10:56:42+00:00\",\"description\":\"Un a\u00f1o m\u00e1s, hemos colaborado con la impresi\u00f3n del libro de los premios ADG Laus\",\"breadcrumb\":{\"@id\":\"https:\\\/\\\/agpograf.com\\\/es\\\/adg-magabook-laus-2022-el-llibre-de-les-criatures-fantastiques\\\/#breadcrumb\"},\"inLanguage\":\"es\",\"potentialAction\":[{\"@type\":\"ReadAction\",\"target\":[\"https:\\\/\\\/agpograf.com\\\/es\\\/adg-magabook-laus-2022-el-llibre-de-les-criatures-fantastiques\\\/\"]}]},{\"@type\":\"ImageObject\",\"inLanguage\":\"es\",\"@id\":\"https:\\\/\\\/agpograf.com\\\/es\\\/adg-magabook-laus-2022-el-llibre-de-les-criatures-fantastiques\\\/#primaryimage\",\"url\":\"https:\\\/\\\/agpograf.com\\\/wp-content\\\/uploads\\\/2022\\\/12\\\/Laus.png\",\"contentUrl\":\"https:\\\/\\\/agpograf.com\\\/wp-content\\\/uploads\\\/2022\\\/12\\\/Laus.png\",\"width\":2000,\"height\":1333},{\"@type\":\"BreadcrumbList\",\"@id\":\"https:\\\/\\\/agpograf.com\\\/es\\\/adg-magabook-laus-2022-el-llibre-de-les-criatures-fantastiques\\\/#breadcrumb\",\"itemListElement\":[{\"@type\":\"ListItem\",\"position\":1,\"name\":\"Inici\",\"item\":\"https:\\\/\\\/agpograf.com\\\/es\\\/\"},{\"@type\":\"ListItem\",\"position\":2,\"name\":\"ADG Magabook Laus 2022 &#8211; &#8220;El libro de las criaturas fant\u00e1sticas&#8221;\"}]},{\"@type\":\"WebSite\",\"@id\":\"https:\\\/\\\/agpograf.com\\\/es\\\/#website\",\"url\":\"https:\\\/\\\/agpograf.com\\\/es\\\/\",\"name\":\"Agpograf Impressors\",\"description\":\"Printing your dreams\",\"publisher\":{\"@id\":\"https:\\\/\\\/agpograf.com\\\/es\\\/#organization\"},\"potentialAction\":[{\"@type\":\"SearchAction\",\"target\":{\"@type\":\"EntryPoint\",\"urlTemplate\":\"https:\\\/\\\/agpograf.com\\\/es\\\/?s={search_term_string}\"},\"query-input\":{\"@type\":\"PropertyValueSpecification\",\"valueRequired\":true,\"valueName\":\"search_term_string\"}}],\"inLanguage\":\"es\"},{\"@type\":\"Organization\",\"@id\":\"https:\\\/\\\/agpograf.com\\\/es\\\/#organization\",\"name\":\"Agpograf Impressors\",\"url\":\"https:\\\/\\\/agpograf.com\\\/es\\\/\",\"logo\":{\"@type\":\"ImageObject\",\"inLanguage\":\"es\",\"@id\":\"https:\\\/\\\/agpograf.com\\\/es\\\/#\\\/schema\\\/logo\\\/image\\\/\",\"url\":\"https:\\\/\\\/www.agpograf.com\\\/wp-content\\\/uploads\\\/2020\\\/01\\\/Agpgoraf-Impressors-logo.png\",\"contentUrl\":\"https:\\\/\\\/www.agpograf.com\\\/wp-content\\\/uploads\\\/2020\\\/01\\\/Agpgoraf-Impressors-logo.png\",\"width\":601,\"height\":477,\"caption\":\"Agpograf Impressors\"},\"image\":{\"@id\":\"https:\\\/\\\/agpograf.com\\\/es\\\/#\\\/schema\\\/logo\\\/image\\\/\"},\"sameAs\":[\"https:\\\/\\\/www.facebook.com\\\/Agpograf\",\"https:\\\/\\\/www.instagram.com\\\/agpograf_impressors\\\/\",\"https:\\\/\\\/www.linkedin.com\\\/company\\\/agpograf-impressors\\\/about\\\/\",\"https:\\\/\\\/www.youtube.com\\\/channel\\\/UC1vXUlhI2NeafCFLhfnrQXw\",\"https:\\\/\\\/www.behance.net\\\/agpografimpressors\"]},{\"@type\":\"Person\",\"@id\":\"https:\\\/\\\/agpograf.com\\\/es\\\/#\\\/schema\\\/person\\\/f970b231fa1e3883a254658ce2789d6a\",\"name\":\"agpo2018\",\"image\":{\"@type\":\"ImageObject\",\"inLanguage\":\"es\",\"@id\":\"https:\\\/\\\/secure.gravatar.com\\\/avatar\\\/1b31af11b441709081e19a5258d29fcb920ae3249fa80c00a863bde3cf378dfb?s=96&d=mm&r=g\",\"url\":\"https:\\\/\\\/secure.gravatar.com\\\/avatar\\\/1b31af11b441709081e19a5258d29fcb920ae3249fa80c00a863bde3cf378dfb?s=96&d=mm&r=g\",\"contentUrl\":\"https:\\\/\\\/secure.gravatar.com\\\/avatar\\\/1b31af11b441709081e19a5258d29fcb920ae3249fa80c00a863bde3cf378dfb?s=96&d=mm&r=g\",\"caption\":\"agpo2018\"},\"url\":\"https:\\\/\\\/agpograf.com\\\/es\\\/author\\\/agpo2018\\\/\"}]}<\/script>\n<!-- \/ Yoast SEO plugin. -->","yoast_head_json":{"title":"ADG Magabook Laus 2022 - \"El libro de las criaturas fant\u00e1sticas\" &#8211; Agpograf Impressors","description":"Un a\u00f1o m\u00e1s, hemos colaborado con la impresi\u00f3n del libro de los premios ADG Laus","robots":{"index":"index","follow":"follow","max-snippet":"max-snippet:-1","max-image-preview":"max-image-preview:large","max-video-preview":"max-video-preview:-1"},"canonical":"https:\/\/agpograf.com\/es\/adg-magabook-laus-2022-el-llibre-de-les-criatures-fantastiques\/","og_locale":"es_ES","og_type":"article","og_title":"ADG Magabook Laus 2022 - \"El libro de las criaturas fant\u00e1sticas\" &#8211; Agpograf Impressors","og_description":"Un a\u00f1o m\u00e1s, hemos colaborado con la impresi\u00f3n del libro de los premios ADG Laus","og_url":"https:\/\/agpograf.com\/es\/adg-magabook-laus-2022-el-llibre-de-les-criatures-fantastiques\/","og_site_name":"Agpograf Impressors","article_publisher":"https:\/\/www.facebook.com\/Agpograf","article_published_time":"2022-12-14T09:38:40+00:00","article_modified_time":"2022-12-14T10:56:42+00:00","og_image":[{"width":1024,"height":682,"url":"https:\/\/agpograf.com\/wp-content\/uploads\/2022\/12\/Laus-1024x682.png","type":"image\/png"}],"author":"agpo2018","twitter_card":"summary_large_image","twitter_misc":{"Escrito por":"agpo2018","Tiempo de lectura":"2 minutos"},"schema":{"@context":"https:\/\/schema.org","@graph":[{"@type":"Article","@id":"https:\/\/agpograf.com\/es\/adg-magabook-laus-2022-el-llibre-de-les-criatures-fantastiques\/#article","isPartOf":{"@id":"https:\/\/agpograf.com\/es\/adg-magabook-laus-2022-el-llibre-de-les-criatures-fantastiques\/"},"author":{"name":"agpo2018","@id":"https:\/\/agpograf.com\/es\/#\/schema\/person\/f970b231fa1e3883a254658ce2789d6a"},"headline":"ADG Magabook Laus 2022 &#8211; \u00abEl libro de las criaturas fant\u00e1sticas\u00bb","datePublished":"2022-12-14T09:38:40+00:00","dateModified":"2022-12-14T10:56:42+00:00","mainEntityOfPage":{"@id":"https:\/\/agpograf.com\/es\/adg-magabook-laus-2022-el-llibre-de-les-criatures-fantastiques\/"},"wordCount":356,"publisher":{"@id":"https:\/\/agpograf.com\/es\/#organization"},"image":{"@id":"https:\/\/agpograf.com\/es\/adg-magabook-laus-2022-el-llibre-de-les-criatures-fantastiques\/#primaryimage"},"thumbnailUrl":"https:\/\/agpograf.com\/wp-content\/uploads\/2022\/12\/Laus.png","articleSection":["Impressi\u00f3"],"inLanguage":"es"},{"@type":"WebPage","@id":"https:\/\/agpograf.com\/es\/adg-magabook-laus-2022-el-llibre-de-les-criatures-fantastiques\/","url":"https:\/\/agpograf.com\/es\/adg-magabook-laus-2022-el-llibre-de-les-criatures-fantastiques\/","name":"ADG Magabook Laus 2022 - \"El libro de las criaturas fant\u00e1sticas\" &#8211; Agpograf Impressors","isPartOf":{"@id":"https:\/\/agpograf.com\/es\/#website"},"primaryImageOfPage":{"@id":"https:\/\/agpograf.com\/es\/adg-magabook-laus-2022-el-llibre-de-les-criatures-fantastiques\/#primaryimage"},"image":{"@id":"https:\/\/agpograf.com\/es\/adg-magabook-laus-2022-el-llibre-de-les-criatures-fantastiques\/#primaryimage"},"thumbnailUrl":"https:\/\/agpograf.com\/wp-content\/uploads\/2022\/12\/Laus.png","datePublished":"2022-12-14T09:38:40+00:00","dateModified":"2022-12-14T10:56:42+00:00","description":"Un a\u00f1o m\u00e1s, hemos colaborado con la impresi\u00f3n del libro de los premios ADG Laus","breadcrumb":{"@id":"https:\/\/agpograf.com\/es\/adg-magabook-laus-2022-el-llibre-de-les-criatures-fantastiques\/#breadcrumb"},"inLanguage":"es","potentialAction":[{"@type":"ReadAction","target":["https:\/\/agpograf.com\/es\/adg-magabook-laus-2022-el-llibre-de-les-criatures-fantastiques\/"]}]},{"@type":"ImageObject","inLanguage":"es","@id":"https:\/\/agpograf.com\/es\/adg-magabook-laus-2022-el-llibre-de-les-criatures-fantastiques\/#primaryimage","url":"https:\/\/agpograf.com\/wp-content\/uploads\/2022\/12\/Laus.png","contentUrl":"https:\/\/agpograf.com\/wp-content\/uploads\/2022\/12\/Laus.png","width":2000,"height":1333},{"@type":"BreadcrumbList","@id":"https:\/\/agpograf.com\/es\/adg-magabook-laus-2022-el-llibre-de-les-criatures-fantastiques\/#breadcrumb","itemListElement":[{"@type":"ListItem","position":1,"name":"Inici","item":"https:\/\/agpograf.com\/es\/"},{"@type":"ListItem","position":2,"name":"ADG Magabook Laus 2022 &#8211; &#8220;El libro de las criaturas fant\u00e1sticas&#8221;"}]},{"@type":"WebSite","@id":"https:\/\/agpograf.com\/es\/#website","url":"https:\/\/agpograf.com\/es\/","name":"Agpograf Impressors","description":"Printing your dreams","publisher":{"@id":"https:\/\/agpograf.com\/es\/#organization"},"potentialAction":[{"@type":"SearchAction","target":{"@type":"EntryPoint","urlTemplate":"https:\/\/agpograf.com\/es\/?s={search_term_string}"},"query-input":{"@type":"PropertyValueSpecification","valueRequired":true,"valueName":"search_term_string"}}],"inLanguage":"es"},{"@type":"Organization","@id":"https:\/\/agpograf.com\/es\/#organization","name":"Agpograf Impressors","url":"https:\/\/agpograf.com\/es\/","logo":{"@type":"ImageObject","inLanguage":"es","@id":"https:\/\/agpograf.com\/es\/#\/schema\/logo\/image\/","url":"https:\/\/www.agpograf.com\/wp-content\/uploads\/2020\/01\/Agpgoraf-Impressors-logo.png","contentUrl":"https:\/\/www.agpograf.com\/wp-content\/uploads\/2020\/01\/Agpgoraf-Impressors-logo.png","width":601,"height":477,"caption":"Agpograf Impressors"},"image":{"@id":"https:\/\/agpograf.com\/es\/#\/schema\/logo\/image\/"},"sameAs":["https:\/\/www.facebook.com\/Agpograf","https:\/\/www.instagram.com\/agpograf_impressors\/","https:\/\/www.linkedin.com\/company\/agpograf-impressors\/about\/","https:\/\/www.youtube.com\/channel\/UC1vXUlhI2NeafCFLhfnrQXw","https:\/\/www.behance.net\/agpografimpressors"]},{"@type":"Person","@id":"https:\/\/agpograf.com\/es\/#\/schema\/person\/f970b231fa1e3883a254658ce2789d6a","name":"agpo2018","image":{"@type":"ImageObject","inLanguage":"es","@id":"https:\/\/secure.gravatar.com\/avatar\/1b31af11b441709081e19a5258d29fcb920ae3249fa80c00a863bde3cf378dfb?s=96&d=mm&r=g","url":"https:\/\/secure.gravatar.com\/avatar\/1b31af11b441709081e19a5258d29fcb920ae3249fa80c00a863bde3cf378dfb?s=96&d=mm&r=g","contentUrl":"https:\/\/secure.gravatar.com\/avatar\/1b31af11b441709081e19a5258d29fcb920ae3249fa80c00a863bde3cf378dfb?s=96&d=mm&r=g","caption":"agpo2018"},"url":"https:\/\/agpograf.com\/es\/author\/agpo2018\/"}]}},"_links":{"self":[{"href":"https:\/\/agpograf.com\/es\/wp-json\/wp\/v2\/posts\/15182","targetHints":{"allow":["GET"]}}],"collection":[{"href":"https:\/\/agpograf.com\/es\/wp-json\/wp\/v2\/posts"}],"about":[{"href":"https:\/\/agpograf.com\/es\/wp-json\/wp\/v2\/types\/post"}],"author":[{"embeddable":true,"href":"https:\/\/agpograf.com\/es\/wp-json\/wp\/v2\/users\/1"}],"replies":[{"embeddable":true,"href":"https:\/\/agpograf.com\/es\/wp-json\/wp\/v2\/comments?post=15182"}],"version-history":[{"count":5,"href":"https:\/\/agpograf.com\/es\/wp-json\/wp\/v2\/posts\/15182\/revisions"}],"predecessor-version":[{"id":15216,"href":"https:\/\/agpograf.com\/es\/wp-json\/wp\/v2\/posts\/15182\/revisions\/15216"}],"wp:featuredmedia":[{"embeddable":true,"href":"https:\/\/agpograf.com\/es\/wp-json\/wp\/v2\/media\/15138"}],"wp:attachment":[{"href":"https:\/\/agpograf.com\/es\/wp-json\/wp\/v2\/media?parent=15182"}],"wp:term":[{"taxonomy":"category","embeddable":true,"href":"https:\/\/agpograf.com\/es\/wp-json\/wp\/v2\/categories?post=15182"},{"taxonomy":"post_tag","embeddable":true,"href":"https:\/\/agpograf.com\/es\/wp-json\/wp\/v2\/tags?post=15182"}],"curies":[{"name":"wp","href":"https:\/\/api.w.org\/{rel}","templated":true}]}}