{"id":14092,"date":"2018-05-10T12:00:17","date_gmt":"2018-05-10T10:00:17","guid":{"rendered":"https:\/\/agpograf.cmsfacil.eu\/?p=14092"},"modified":"2022-11-15T12:03:49","modified_gmt":"2022-11-15T10:03:49","slug":"conferencia-atep-association-des-techniciens-de-ledition-et-de-la-publicite","status":"publish","type":"post","link":"https:\/\/agpograf.com\/es\/conferencia-atep-association-des-techniciens-de-ledition-et-de-la-publicite\/","title":{"rendered":"Conferencia ATEP \u2013 Association des techniciens de l\u2019\u00e9dition et de la publicit\u00e9"},"content":{"rendered":"<div class=\"wpb-content-wrapper\"><p>[vc_row css_animation=\u00bb\u00bb row_type=\u00bbrow\u00bb use_row_as_full_screen_section=\u00bbno\u00bb type=\u00bbfull_width\u00bb angled_section=\u00bbno\u00bb text_align=\u00bbleft\u00bb background_image_as_pattern=\u00bbwithout_pattern\u00bb][vc_column][vc_empty_space][vc_gallery interval=\u00bb3&#8243; images=\u00bb8973,8976,8979,8982,8988,8985,8991,8994&#8243; img_size=\u00bbmedium\u00bb onclick=\u00bb\u00bb][vc_column_text]<\/p>\n<div class=\"wpb_gallery wpb_content_element vc_clearfix\">\n<div class=\"wpb_wrapper\">\n<div class=\"wpb_gallery_slides wpb_flexslider flexslider_fade flexslider\" data-interval=\"3\" data-flex_fx=\"fade\">\n<p><strong>\u00abLa multicrom\u00eda o simulaci\u00f3n de impresi\u00f3n en RGB\u00bb<\/strong><\/p>\n<\/div>\n<\/div>\n<\/div>\n<p>[\/vc_column_text][vc_empty_space][\/vc_column][\/vc_row][vc_row css_animation=\u00bb\u00bb row_type=\u00bbrow\u00bb use_row_as_full_screen_section=\u00bbno\u00bb type=\u00bbfull_width\u00bb angled_section=\u00bbno\u00bb text_align=\u00bbleft\u00bb background_image_as_pattern=\u00bbwithout_pattern\u00bb][vc_column][vc_column_text]21\/03\/2018 Par\u00eds[\/vc_column_text][vc_empty_space height=\u00bb15px\u00bb][vc_column_text]El pasado 21 de marzo, invitados por la l\u2019<a href=\"https:\/\/www.facebook.com\/Atep-association-des-techniciens-de-l%C3%A9dition-et-de-la-publicit%C3%A9-114831920164157\/\" target=\"_blank\" rel=\"noopener noreferrer\">ATEP Francia<\/a>, ofrecimos una conferencia sobre la Impresi\u00f3n en multicrom\u00eda\/Impresi\u00f3n RGB en Par\u00eds.<\/p>\n<p>La conferencia registr\u00f3 un lleno absoluto y el p\u00fablico asistente, en su totalidad t\u00e9cnicos y directivos del sector editorial y de la publicidad en Francia, mostr\u00f3 un gran inter\u00e9s con una interacci\u00f3n constante de los all\u00ed presentes.<\/p>\n<p>La conferencia trataba sobre c\u00f3mo la impresi\u00f3n en multicrom\u00eda nos permite ir m\u00e1s all\u00e1 en el espectro de reproducci\u00f3n estandarizado del CMYK. Explicamos con detalle el proceso t\u00e9cnico y de colorimetr\u00eda que nos ha llevado a ser uno de los impresores pioneros en su implantaci\u00f3n en la UE.<\/p>\n<p>Les adjuntamos el dossier con el contenido y los detalles de la conferencia.[\/vc_column_text][\/vc_column][\/vc_row][vc_row css_animation=\u00bb\u00bb row_type=\u00bbrow\u00bb use_row_as_full_screen_section=\u00bbno\u00bb type=\u00bbfull_width\u00bb angled_section=\u00bbno\u00bb text_align=\u00bbleft\u00bb background_image_as_pattern=\u00bbwithout_pattern\u00bb][vc_column][vc_empty_space height=\u00bb30px\u00bb][vc_column_text]<a href=\"https:\/\/agpograf.com\/wp-content\/uploads\/2022\/11\/conf-multichro-ATEP.pdf\" class=\"pdfemb-viewer\" style=\"\" data-width=\"max\" data-height=\"max\" data-toolbar=\"bottom\" data-toolbar-fixed=\"off\">Impression-en-Multichromie<\/a>[\/vc_column_text][\/vc_column][\/vc_row][vc_row css_animation=\u00bb\u00bb row_type=\u00bbrow\u00bb use_row_as_full_screen_section=\u00bbno\u00bb type=\u00bbfull_width\u00bb angled_section=\u00bbno\u00bb text_align=\u00bbleft\u00bb background_image_as_pattern=\u00bbwithout_pattern\u00bb][vc_column][vc_empty_space height=\u00bb40&#8243;][vc_column_text]<iframe src=\"https:\/\/player.vimeo.com\/video\/268939607\" width=\"640\" height=\"360\" frameborder=\"0\" allowfullscreen=\"allowfullscreen\" data-mce-fragment=\"1\"><\/iframe>[\/vc_column_text][\/vc_column][\/vc_row]<\/p>\n<\/div>","protected":false},"excerpt":{"rendered":"<p>El pasado 21 de marzo, invitados por la l\u2019ATEP Francia, ofrecimos una conferencia sobre la Impresi\u00f3n en multicrom\u00eda\/Impresi\u00f3n RGB en Par\u00eds. La conferencia registr\u00f3 un lleno absoluto y el p\u00fablico asistente, en su totalidad t\u00e9cnicos y directivos del sector editorial y de la publicidad en Francia, mostr\u00f3 un gran inter\u00e9s con una interacci\u00f3n constante de los all\u00ed presentes. La conferencia trataba sobre c\u00f3mo la impresi\u00f3n en multicrom\u00eda nos permite ir m\u00e1s all\u00e1 en el espectro de reproducci\u00f3n estandarizado del CMYK. Explicamos con detalle el proceso t\u00e9cnico y de colorimetr\u00eda que nos ha llevado a ser uno de los impresores pioneros en su implantaci\u00f3n en la UE.<\/p>\n","protected":false},"author":1,"featured_media":8973,"comment_status":"closed","ping_status":"closed","sticky":false,"template":"","format":"standard","meta":{"footnotes":""},"categories":[685],"tags":[],"class_list":["post-14092","post","type-post","status-publish","format-standard","has-post-thumbnail","hentry","category-sin-categorizar"],"yoast_head":"<!-- This site is optimized with the Yoast SEO plugin v27.5 - https:\/\/yoast.com\/product\/yoast-seo-wordpress\/ -->\n<title>Conferencia ATEP \u2013 Association des techniciens de l\u2019\u00e9dition et de la publicit\u00e9 &#8211; Agpograf Impressors<\/title>\n<meta name=\"robots\" content=\"index, follow, max-snippet:-1, max-image-preview:large, max-video-preview:-1\" \/>\n<link rel=\"canonical\" href=\"https:\/\/agpograf.com\/es\/conferencia-atep-association-des-techniciens-de-ledition-et-de-la-publicite\/\" \/>\n<meta property=\"og:locale\" content=\"es_ES\" \/>\n<meta property=\"og:type\" content=\"article\" \/>\n<meta property=\"og:title\" content=\"Conferencia ATEP \u2013 Association des techniciens de l\u2019\u00e9dition et de la publicit\u00e9 &#8211; Agpograf Impressors\" \/>\n<meta property=\"og:description\" content=\"El pasado 21 de marzo, invitados por la l\u2019ATEP Francia, ofrecimos una conferencia sobre la Impresi\u00f3n en multicrom\u00eda\/Impresi\u00f3n RGB en Par\u00eds. La conferencia registr\u00f3 un lleno absoluto y el p\u00fablico asistente, en su totalidad t\u00e9cnicos y directivos del sector editorial y de la publicidad en Francia, mostr\u00f3 un gran inter\u00e9s con una interacci\u00f3n constante de los all\u00ed presentes. La conferencia trataba sobre c\u00f3mo la impresi\u00f3n en multicrom\u00eda nos permite ir m\u00e1s all\u00e1 en el espectro de reproducci\u00f3n estandarizado del CMYK. Explicamos con detalle el proceso t\u00e9cnico y de colorimetr\u00eda que nos ha llevado a ser uno de los impresores pioneros en su implantaci\u00f3n en la UE.\" \/>\n<meta property=\"og:url\" content=\"https:\/\/agpograf.com\/es\/conferencia-atep-association-des-techniciens-de-ledition-et-de-la-publicite\/\" \/>\n<meta property=\"og:site_name\" content=\"Agpograf Impressors\" \/>\n<meta property=\"article:publisher\" content=\"https:\/\/www.facebook.com\/Agpograf\" \/>\n<meta property=\"article:published_time\" content=\"2018-05-10T10:00:17+00:00\" \/>\n<meta property=\"article:modified_time\" content=\"2022-11-15T10:03:49+00:00\" \/>\n<meta property=\"og:image\" content=\"https:\/\/agpograf.com\/wp-content\/uploads\/2019\/11\/ATEP-01.png\" \/>\n\t<meta property=\"og:image:width\" content=\"1000\" \/>\n\t<meta property=\"og:image:height\" content=\"667\" \/>\n\t<meta property=\"og:image:type\" content=\"image\/png\" \/>\n<meta name=\"author\" content=\"agpo2018\" \/>\n<meta name=\"twitter:card\" content=\"summary_large_image\" \/>\n<meta name=\"twitter:label1\" content=\"Escrito por\" \/>\n\t<meta name=\"twitter:data1\" content=\"agpo2018\" \/>\n\t<meta name=\"twitter:label2\" content=\"Tiempo de lectura\" \/>\n\t<meta name=\"twitter:data2\" content=\"1 minuto\" \/>\n<script type=\"application\/ld+json\" class=\"yoast-schema-graph\">{\"@context\":\"https:\\\/\\\/schema.org\",\"@graph\":[{\"@type\":\"Article\",\"@id\":\"https:\\\/\\\/agpograf.com\\\/es\\\/conferencia-atep-association-des-techniciens-de-ledition-et-de-la-publicite\\\/#article\",\"isPartOf\":{\"@id\":\"https:\\\/\\\/agpograf.com\\\/es\\\/conferencia-atep-association-des-techniciens-de-ledition-et-de-la-publicite\\\/\"},\"author\":{\"name\":\"agpo2018\",\"@id\":\"https:\\\/\\\/agpograf.com\\\/es\\\/#\\\/schema\\\/person\\\/f970b231fa1e3883a254658ce2789d6a\"},\"headline\":\"Conferencia ATEP \u2013 Association des techniciens de l\u2019\u00e9dition et de la publicit\u00e9\",\"datePublished\":\"2018-05-10T10:00:17+00:00\",\"dateModified\":\"2022-11-15T10:03:49+00:00\",\"mainEntityOfPage\":{\"@id\":\"https:\\\/\\\/agpograf.com\\\/es\\\/conferencia-atep-association-des-techniciens-de-ledition-et-de-la-publicite\\\/\"},\"wordCount\":370,\"publisher\":{\"@id\":\"https:\\\/\\\/agpograf.com\\\/es\\\/#organization\"},\"image\":{\"@id\":\"https:\\\/\\\/agpograf.com\\\/es\\\/conferencia-atep-association-des-techniciens-de-ledition-et-de-la-publicite\\\/#primaryimage\"},\"thumbnailUrl\":\"https:\\\/\\\/agpograf.com\\\/wp-content\\\/uploads\\\/2019\\\/11\\\/ATEP-01.png\",\"articleSection\":[\"Sin categorizar\"],\"inLanguage\":\"es\"},{\"@type\":\"WebPage\",\"@id\":\"https:\\\/\\\/agpograf.com\\\/es\\\/conferencia-atep-association-des-techniciens-de-ledition-et-de-la-publicite\\\/\",\"url\":\"https:\\\/\\\/agpograf.com\\\/es\\\/conferencia-atep-association-des-techniciens-de-ledition-et-de-la-publicite\\\/\",\"name\":\"Conferencia ATEP \u2013 Association des techniciens de l\u2019\u00e9dition et de la publicit\u00e9 &#8211; Agpograf Impressors\",\"isPartOf\":{\"@id\":\"https:\\\/\\\/agpograf.com\\\/es\\\/#website\"},\"primaryImageOfPage\":{\"@id\":\"https:\\\/\\\/agpograf.com\\\/es\\\/conferencia-atep-association-des-techniciens-de-ledition-et-de-la-publicite\\\/#primaryimage\"},\"image\":{\"@id\":\"https:\\\/\\\/agpograf.com\\\/es\\\/conferencia-atep-association-des-techniciens-de-ledition-et-de-la-publicite\\\/#primaryimage\"},\"thumbnailUrl\":\"https:\\\/\\\/agpograf.com\\\/wp-content\\\/uploads\\\/2019\\\/11\\\/ATEP-01.png\",\"datePublished\":\"2018-05-10T10:00:17+00:00\",\"dateModified\":\"2022-11-15T10:03:49+00:00\",\"breadcrumb\":{\"@id\":\"https:\\\/\\\/agpograf.com\\\/es\\\/conferencia-atep-association-des-techniciens-de-ledition-et-de-la-publicite\\\/#breadcrumb\"},\"inLanguage\":\"es\",\"potentialAction\":[{\"@type\":\"ReadAction\",\"target\":[\"https:\\\/\\\/agpograf.com\\\/es\\\/conferencia-atep-association-des-techniciens-de-ledition-et-de-la-publicite\\\/\"]}]},{\"@type\":\"ImageObject\",\"inLanguage\":\"es\",\"@id\":\"https:\\\/\\\/agpograf.com\\\/es\\\/conferencia-atep-association-des-techniciens-de-ledition-et-de-la-publicite\\\/#primaryimage\",\"url\":\"https:\\\/\\\/agpograf.com\\\/wp-content\\\/uploads\\\/2019\\\/11\\\/ATEP-01.png\",\"contentUrl\":\"https:\\\/\\\/agpograf.com\\\/wp-content\\\/uploads\\\/2019\\\/11\\\/ATEP-01.png\",\"width\":1000,\"height\":667},{\"@type\":\"BreadcrumbList\",\"@id\":\"https:\\\/\\\/agpograf.com\\\/es\\\/conferencia-atep-association-des-techniciens-de-ledition-et-de-la-publicite\\\/#breadcrumb\",\"itemListElement\":[{\"@type\":\"ListItem\",\"position\":1,\"name\":\"Inici\",\"item\":\"https:\\\/\\\/agpograf.com\\\/es\\\/\"},{\"@type\":\"ListItem\",\"position\":2,\"name\":\"Conferencia ATEP \u2013 Association des techniciens de l\u2019\u00e9dition et de la publicit\u00e9\"}]},{\"@type\":\"WebSite\",\"@id\":\"https:\\\/\\\/agpograf.com\\\/es\\\/#website\",\"url\":\"https:\\\/\\\/agpograf.com\\\/es\\\/\",\"name\":\"Agpograf Impressors\",\"description\":\"Printing your dreams\",\"publisher\":{\"@id\":\"https:\\\/\\\/agpograf.com\\\/es\\\/#organization\"},\"potentialAction\":[{\"@type\":\"SearchAction\",\"target\":{\"@type\":\"EntryPoint\",\"urlTemplate\":\"https:\\\/\\\/agpograf.com\\\/es\\\/?s={search_term_string}\"},\"query-input\":{\"@type\":\"PropertyValueSpecification\",\"valueRequired\":true,\"valueName\":\"search_term_string\"}}],\"inLanguage\":\"es\"},{\"@type\":\"Organization\",\"@id\":\"https:\\\/\\\/agpograf.com\\\/es\\\/#organization\",\"name\":\"Agpograf Impressors\",\"url\":\"https:\\\/\\\/agpograf.com\\\/es\\\/\",\"logo\":{\"@type\":\"ImageObject\",\"inLanguage\":\"es\",\"@id\":\"https:\\\/\\\/agpograf.com\\\/es\\\/#\\\/schema\\\/logo\\\/image\\\/\",\"url\":\"https:\\\/\\\/www.agpograf.com\\\/wp-content\\\/uploads\\\/2020\\\/01\\\/Agpgoraf-Impressors-logo.png\",\"contentUrl\":\"https:\\\/\\\/www.agpograf.com\\\/wp-content\\\/uploads\\\/2020\\\/01\\\/Agpgoraf-Impressors-logo.png\",\"width\":601,\"height\":477,\"caption\":\"Agpograf Impressors\"},\"image\":{\"@id\":\"https:\\\/\\\/agpograf.com\\\/es\\\/#\\\/schema\\\/logo\\\/image\\\/\"},\"sameAs\":[\"https:\\\/\\\/www.facebook.com\\\/Agpograf\",\"https:\\\/\\\/www.instagram.com\\\/agpograf_impressors\\\/\",\"https:\\\/\\\/www.linkedin.com\\\/company\\\/agpograf-impressors\\\/about\\\/\",\"https:\\\/\\\/www.youtube.com\\\/channel\\\/UC1vXUlhI2NeafCFLhfnrQXw\",\"https:\\\/\\\/www.behance.net\\\/agpografimpressors\"]},{\"@type\":\"Person\",\"@id\":\"https:\\\/\\\/agpograf.com\\\/es\\\/#\\\/schema\\\/person\\\/f970b231fa1e3883a254658ce2789d6a\",\"name\":\"agpo2018\",\"image\":{\"@type\":\"ImageObject\",\"inLanguage\":\"es\",\"@id\":\"https:\\\/\\\/secure.gravatar.com\\\/avatar\\\/1b31af11b441709081e19a5258d29fcb920ae3249fa80c00a863bde3cf378dfb?s=96&d=mm&r=g\",\"url\":\"https:\\\/\\\/secure.gravatar.com\\\/avatar\\\/1b31af11b441709081e19a5258d29fcb920ae3249fa80c00a863bde3cf378dfb?s=96&d=mm&r=g\",\"contentUrl\":\"https:\\\/\\\/secure.gravatar.com\\\/avatar\\\/1b31af11b441709081e19a5258d29fcb920ae3249fa80c00a863bde3cf378dfb?s=96&d=mm&r=g\",\"caption\":\"agpo2018\"},\"url\":\"https:\\\/\\\/agpograf.com\\\/es\\\/author\\\/agpo2018\\\/\"}]}<\/script>\n<!-- \/ Yoast SEO plugin. -->","yoast_head_json":{"title":"Conferencia ATEP \u2013 Association des techniciens de l\u2019\u00e9dition et de la publicit\u00e9 &#8211; Agpograf Impressors","robots":{"index":"index","follow":"follow","max-snippet":"max-snippet:-1","max-image-preview":"max-image-preview:large","max-video-preview":"max-video-preview:-1"},"canonical":"https:\/\/agpograf.com\/es\/conferencia-atep-association-des-techniciens-de-ledition-et-de-la-publicite\/","og_locale":"es_ES","og_type":"article","og_title":"Conferencia ATEP \u2013 Association des techniciens de l\u2019\u00e9dition et de la publicit\u00e9 &#8211; Agpograf Impressors","og_description":"El pasado 21 de marzo, invitados por la l\u2019ATEP Francia, ofrecimos una conferencia sobre la Impresi\u00f3n en multicrom\u00eda\/Impresi\u00f3n RGB en Par\u00eds. La conferencia registr\u00f3 un lleno absoluto y el p\u00fablico asistente, en su totalidad t\u00e9cnicos y directivos del sector editorial y de la publicidad en Francia, mostr\u00f3 un gran inter\u00e9s con una interacci\u00f3n constante de los all\u00ed presentes. La conferencia trataba sobre c\u00f3mo la impresi\u00f3n en multicrom\u00eda nos permite ir m\u00e1s all\u00e1 en el espectro de reproducci\u00f3n estandarizado del CMYK. Explicamos con detalle el proceso t\u00e9cnico y de colorimetr\u00eda que nos ha llevado a ser uno de los impresores pioneros en su implantaci\u00f3n en la UE.","og_url":"https:\/\/agpograf.com\/es\/conferencia-atep-association-des-techniciens-de-ledition-et-de-la-publicite\/","og_site_name":"Agpograf Impressors","article_publisher":"https:\/\/www.facebook.com\/Agpograf","article_published_time":"2018-05-10T10:00:17+00:00","article_modified_time":"2022-11-15T10:03:49+00:00","og_image":[{"width":1000,"height":667,"url":"https:\/\/agpograf.com\/wp-content\/uploads\/2019\/11\/ATEP-01.png","type":"image\/png"}],"author":"agpo2018","twitter_card":"summary_large_image","twitter_misc":{"Escrito por":"agpo2018","Tiempo de lectura":"1 minuto"},"schema":{"@context":"https:\/\/schema.org","@graph":[{"@type":"Article","@id":"https:\/\/agpograf.com\/es\/conferencia-atep-association-des-techniciens-de-ledition-et-de-la-publicite\/#article","isPartOf":{"@id":"https:\/\/agpograf.com\/es\/conferencia-atep-association-des-techniciens-de-ledition-et-de-la-publicite\/"},"author":{"name":"agpo2018","@id":"https:\/\/agpograf.com\/es\/#\/schema\/person\/f970b231fa1e3883a254658ce2789d6a"},"headline":"Conferencia ATEP \u2013 Association des techniciens de l\u2019\u00e9dition et de la publicit\u00e9","datePublished":"2018-05-10T10:00:17+00:00","dateModified":"2022-11-15T10:03:49+00:00","mainEntityOfPage":{"@id":"https:\/\/agpograf.com\/es\/conferencia-atep-association-des-techniciens-de-ledition-et-de-la-publicite\/"},"wordCount":370,"publisher":{"@id":"https:\/\/agpograf.com\/es\/#organization"},"image":{"@id":"https:\/\/agpograf.com\/es\/conferencia-atep-association-des-techniciens-de-ledition-et-de-la-publicite\/#primaryimage"},"thumbnailUrl":"https:\/\/agpograf.com\/wp-content\/uploads\/2019\/11\/ATEP-01.png","articleSection":["Sin categorizar"],"inLanguage":"es"},{"@type":"WebPage","@id":"https:\/\/agpograf.com\/es\/conferencia-atep-association-des-techniciens-de-ledition-et-de-la-publicite\/","url":"https:\/\/agpograf.com\/es\/conferencia-atep-association-des-techniciens-de-ledition-et-de-la-publicite\/","name":"Conferencia ATEP \u2013 Association des techniciens de l\u2019\u00e9dition et de la publicit\u00e9 &#8211; Agpograf Impressors","isPartOf":{"@id":"https:\/\/agpograf.com\/es\/#website"},"primaryImageOfPage":{"@id":"https:\/\/agpograf.com\/es\/conferencia-atep-association-des-techniciens-de-ledition-et-de-la-publicite\/#primaryimage"},"image":{"@id":"https:\/\/agpograf.com\/es\/conferencia-atep-association-des-techniciens-de-ledition-et-de-la-publicite\/#primaryimage"},"thumbnailUrl":"https:\/\/agpograf.com\/wp-content\/uploads\/2019\/11\/ATEP-01.png","datePublished":"2018-05-10T10:00:17+00:00","dateModified":"2022-11-15T10:03:49+00:00","breadcrumb":{"@id":"https:\/\/agpograf.com\/es\/conferencia-atep-association-des-techniciens-de-ledition-et-de-la-publicite\/#breadcrumb"},"inLanguage":"es","potentialAction":[{"@type":"ReadAction","target":["https:\/\/agpograf.com\/es\/conferencia-atep-association-des-techniciens-de-ledition-et-de-la-publicite\/"]}]},{"@type":"ImageObject","inLanguage":"es","@id":"https:\/\/agpograf.com\/es\/conferencia-atep-association-des-techniciens-de-ledition-et-de-la-publicite\/#primaryimage","url":"https:\/\/agpograf.com\/wp-content\/uploads\/2019\/11\/ATEP-01.png","contentUrl":"https:\/\/agpograf.com\/wp-content\/uploads\/2019\/11\/ATEP-01.png","width":1000,"height":667},{"@type":"BreadcrumbList","@id":"https:\/\/agpograf.com\/es\/conferencia-atep-association-des-techniciens-de-ledition-et-de-la-publicite\/#breadcrumb","itemListElement":[{"@type":"ListItem","position":1,"name":"Inici","item":"https:\/\/agpograf.com\/es\/"},{"@type":"ListItem","position":2,"name":"Conferencia ATEP \u2013 Association des techniciens de l\u2019\u00e9dition et de la publicit\u00e9"}]},{"@type":"WebSite","@id":"https:\/\/agpograf.com\/es\/#website","url":"https:\/\/agpograf.com\/es\/","name":"Agpograf Impressors","description":"Printing your dreams","publisher":{"@id":"https:\/\/agpograf.com\/es\/#organization"},"potentialAction":[{"@type":"SearchAction","target":{"@type":"EntryPoint","urlTemplate":"https:\/\/agpograf.com\/es\/?s={search_term_string}"},"query-input":{"@type":"PropertyValueSpecification","valueRequired":true,"valueName":"search_term_string"}}],"inLanguage":"es"},{"@type":"Organization","@id":"https:\/\/agpograf.com\/es\/#organization","name":"Agpograf Impressors","url":"https:\/\/agpograf.com\/es\/","logo":{"@type":"ImageObject","inLanguage":"es","@id":"https:\/\/agpograf.com\/es\/#\/schema\/logo\/image\/","url":"https:\/\/www.agpograf.com\/wp-content\/uploads\/2020\/01\/Agpgoraf-Impressors-logo.png","contentUrl":"https:\/\/www.agpograf.com\/wp-content\/uploads\/2020\/01\/Agpgoraf-Impressors-logo.png","width":601,"height":477,"caption":"Agpograf Impressors"},"image":{"@id":"https:\/\/agpograf.com\/es\/#\/schema\/logo\/image\/"},"sameAs":["https:\/\/www.facebook.com\/Agpograf","https:\/\/www.instagram.com\/agpograf_impressors\/","https:\/\/www.linkedin.com\/company\/agpograf-impressors\/about\/","https:\/\/www.youtube.com\/channel\/UC1vXUlhI2NeafCFLhfnrQXw","https:\/\/www.behance.net\/agpografimpressors"]},{"@type":"Person","@id":"https:\/\/agpograf.com\/es\/#\/schema\/person\/f970b231fa1e3883a254658ce2789d6a","name":"agpo2018","image":{"@type":"ImageObject","inLanguage":"es","@id":"https:\/\/secure.gravatar.com\/avatar\/1b31af11b441709081e19a5258d29fcb920ae3249fa80c00a863bde3cf378dfb?s=96&d=mm&r=g","url":"https:\/\/secure.gravatar.com\/avatar\/1b31af11b441709081e19a5258d29fcb920ae3249fa80c00a863bde3cf378dfb?s=96&d=mm&r=g","contentUrl":"https:\/\/secure.gravatar.com\/avatar\/1b31af11b441709081e19a5258d29fcb920ae3249fa80c00a863bde3cf378dfb?s=96&d=mm&r=g","caption":"agpo2018"},"url":"https:\/\/agpograf.com\/es\/author\/agpo2018\/"}]}},"_links":{"self":[{"href":"https:\/\/agpograf.com\/es\/wp-json\/wp\/v2\/posts\/14092","targetHints":{"allow":["GET"]}}],"collection":[{"href":"https:\/\/agpograf.com\/es\/wp-json\/wp\/v2\/posts"}],"about":[{"href":"https:\/\/agpograf.com\/es\/wp-json\/wp\/v2\/types\/post"}],"author":[{"embeddable":true,"href":"https:\/\/agpograf.com\/es\/wp-json\/wp\/v2\/users\/1"}],"replies":[{"embeddable":true,"href":"https:\/\/agpograf.com\/es\/wp-json\/wp\/v2\/comments?post=14092"}],"version-history":[{"count":3,"href":"https:\/\/agpograf.com\/es\/wp-json\/wp\/v2\/posts\/14092\/revisions"}],"predecessor-version":[{"id":14104,"href":"https:\/\/agpograf.com\/es\/wp-json\/wp\/v2\/posts\/14092\/revisions\/14104"}],"wp:featuredmedia":[{"embeddable":true,"href":"https:\/\/agpograf.com\/es\/wp-json\/wp\/v2\/media\/8973"}],"wp:attachment":[{"href":"https:\/\/agpograf.com\/es\/wp-json\/wp\/v2\/media?parent=14092"}],"wp:term":[{"taxonomy":"category","embeddable":true,"href":"https:\/\/agpograf.com\/es\/wp-json\/wp\/v2\/categories?post=14092"},{"taxonomy":"post_tag","embeddable":true,"href":"https:\/\/agpograf.com\/es\/wp-json\/wp\/v2\/tags?post=14092"}],"curies":[{"name":"wp","href":"https:\/\/api.w.org\/{rel}","templated":true}]}}